{"id":588542,"date":"2025-04-05T18:51:09","date_gmt":"2025-04-06T00:51:09","guid":{"rendered":"https:\/\/www.zunoticia.com\/noticias-de-hidalgo\/?p=588542"},"modified":"2025-04-05T18:51:11","modified_gmt":"2025-04-06T00:51:11","slug":"por-mortandad-no-habra-alza-en-el-precio-de-la-carne-de-pollo-en-semana-santa","status":"publish","type":"post","link":"https:\/\/www.zunoticia.com\/noticias-de-hidalgo\/2025\/04\/05\/por-mortandad-no-habra-alza-en-el-precio-de-la-carne-de-pollo-en-semana-santa\/","title":{"rendered":"Por mortandad no habr\u00e1 alza en el precio de la carne de pollo en Semana Santa"},"content":{"rendered":"<aside class=\"mashsb-container mashsb-main mashsb-stretched\"><div class=\"mashsb-box\"><div class=\"mashsb-count mash-large\" style=\"float:left\"><div class=\"counts mashsbcount\">0<\/div><span class=\"mashsb-sharetext\">SHARES<\/span><\/div><div class=\"mashsb-buttons\"><a class=\"mashicon-facebook mash-large mash-center mashsb-noshadow\" href=\"https:\/\/www.facebook.com\/sharer.php?u=https%3A%2F%2Fwww.zunoticia.com%2Fnoticias-de-hidalgo%2F2025%2F04%2F05%2Fpor-mortandad-no-habra-alza-en-el-precio-de-la-carne-de-pollo-en-semana-santa%2F\" target=\"_top\" rel=\"nofollow\"><span class=\"icon\"><\/span><span class=\"text\">Share<\/span><\/a><a class=\"mashicon-twitter mash-large mash-center mashsb-noshadow\" href=\"https:\/\/twitter.com\/intent\/tweet?text=&amp;url=https:\/\/www.zunoticia.com\/noticias-de-hidalgo\/2025\/04\/05\/por-mortandad-no-habra-alza-en-el-precio-de-la-carne-de-pollo-en-semana-santa\/\" target=\"_top\" rel=\"nofollow\"><span class=\"icon\"><\/span><span class=\"text\">Tweet<\/span><\/a><div class=\"onoffswitch2 mash-large mashsb-noshadow\" style=\"display:none\"><\/div><\/div>\n            <\/div>\n                <div style=\"clear:both\"><\/div><div class=\"mashsb-toggle-container\"><\/div><\/aside>\n            <!-- Share buttons by mashshare.net - Version: 4.0.47-->\n<p><em>Por Salvador Altamirano\/Zunoticia<\/em><\/p>\n\n\n\n<p><strong>Huejutla, Hgo.-<\/strong> Vendedores del giro de venta de carne de pollo establecidos en el mercado municipal, manifestaron que, en a\u00f1os anteriores el precio del producto se incrementaba en Semana Santa, fechas de clausuras y festejos de fin de a\u00f1o, sin embargo, aseguraron que, para esta celebraci\u00f3n de Semana Santa el precio no incrementar\u00e1, ya que por las altas temperaturas hay mortandad de aves en las granjas, pues son muy endebles.<\/p>\n\n\n\n<p>Agregaron que, por tal motivo, a los proveedores les interesa sacar los pollos antes de que el calor los extermine, por lo que quieren vender y por eso, no aumentan los costos.<\/p>\n\n\n\n<p>A pregunta expresa, detallaron que, en el mercado municipal el &#8220;kilo&#8221; de pollo surtido oscila entre $65.00, $70.00 y $75.00; el de maciza entre $80.00, $85.00 y $90.00; y el de pechuga entre $100.00 y $120.00 pesos, dependiendo de d\u00f3nde lo compre, ya que no todos tienen precios est\u00e1ndar.<\/p>\n\n\n\n<p>Al respecto, una ama de casa quien responde al nombre de Ana Mar\u00eda G\u00f3mez, sugiri\u00f3 que para conseguir buen precio no hay que adquirir el producto en el primer precio que se encuentre, es necesario comparar costos, aunque a veces sale contraproducente, ya que le dan a uno lo que ellos quieren: retazos.<\/p>\n\n\n\n<p><\/p>\n","protected":false},"excerpt":{"rendered":"<p>Por Salvador Altamirano\/Zunoticia Huejutla, Hgo.- Vendedores del giro de venta de carne de pollo establecidos en el mercado municipal, manifestaron que, en a\u00f1os anteriores el precio del producto se incrementaba en Semana Santa, fechas de clausuras y festejos de fin de a\u00f1o, sin embargo, aseguraron que, para esta celebraci\u00f3n de Semana Santa el precio no&hellip; <a class=\"more-link\" href=\"https:\/\/www.zunoticia.com\/noticias-de-hidalgo\/2025\/04\/05\/por-mortandad-no-habra-alza-en-el-precio-de-la-carne-de-pollo-en-semana-santa\/\">Seguir leyendo <span class=\"screen-reader-text\">Por mortandad no habr\u00e1 alza en el precio de la carne de pollo en Semana Santa<\/span><\/a><\/p>\n","protected":false},"author":20,"featured_media":588543,"comment_status":"open","ping_status":"open","sticky":false,"template":"","format":"standard","meta":{"rop_custom_images_group":[],"rop_custom_messages_group":[],"rop_publish_now":"initial","rop_publish_now_accounts":{"facebook_10159540855086992_322828327761733":""},"rop_publish_now_history":[],"rop_publish_now_status":"pending","footnotes":""},"categories":[181],"tags":[121],"class_list":["post-588542","post","type-post","status-publish","format-standard","has-post-thumbnail","hentry","category-huejutla","tag-huejutla","entry"],"_links":{"self":[{"href":"https:\/\/www.zunoticia.com\/noticias-de-hidalgo\/wp-json\/wp\/v2\/posts\/588542","targetHints":{"allow":["GET"]}}],"collection":[{"href":"https:\/\/www.zunoticia.com\/noticias-de-hidalgo\/wp-json\/wp\/v2\/posts"}],"about":[{"href":"https:\/\/www.zunoticia.com\/noticias-de-hidalgo\/wp-json\/wp\/v2\/types\/post"}],"author":[{"embeddable":true,"href":"https:\/\/www.zunoticia.com\/noticias-de-hidalgo\/wp-json\/wp\/v2\/users\/20"}],"replies":[{"embeddable":true,"href":"https:\/\/www.zunoticia.com\/noticias-de-hidalgo\/wp-json\/wp\/v2\/comments?post=588542"}],"version-history":[{"count":1,"href":"https:\/\/www.zunoticia.com\/noticias-de-hidalgo\/wp-json\/wp\/v2\/posts\/588542\/revisions"}],"predecessor-version":[{"id":588544,"href":"https:\/\/www.zunoticia.com\/noticias-de-hidalgo\/wp-json\/wp\/v2\/posts\/588542\/revisions\/588544"}],"wp:featuredmedia":[{"embeddable":true,"href":"https:\/\/www.zunoticia.com\/noticias-de-hidalgo\/wp-json\/wp\/v2\/media\/588543"}],"wp:attachment":[{"href":"https:\/\/www.zunoticia.com\/noticias-de-hidalgo\/wp-json\/wp\/v2\/media?parent=588542"}],"wp:term":[{"taxonomy":"category","embeddable":true,"href":"https:\/\/www.zunoticia.com\/noticias-de-hidalgo\/wp-json\/wp\/v2\/categories?post=588542"},{"taxonomy":"post_tag","embeddable":true,"href":"https:\/\/www.zunoticia.com\/noticias-de-hidalgo\/wp-json\/wp\/v2\/tags?post=588542"}],"curies":[{"name":"wp","href":"https:\/\/api.w.org\/{rel}","templated":true}]}}