{"id":588545,"date":"2025-04-05T18:56:50","date_gmt":"2025-04-06T00:56:50","guid":{"rendered":"https:\/\/www.zunoticia.com\/noticias-de-hidalgo\/?p=588545"},"modified":"2025-04-05T18:56:52","modified_gmt":"2025-04-06T00:56:52","slug":"empleadores-no-respetan-derechos-de-los-trabajadores-abogado","status":"publish","type":"post","link":"https:\/\/www.zunoticia.com\/noticias-de-hidalgo\/2025\/04\/05\/empleadores-no-respetan-derechos-de-los-trabajadores-abogado\/","title":{"rendered":"\u2018Empleadores\u2019 no respetan derechos de los trabajadores: Abogado"},"content":{"rendered":"<aside class=\"mashsb-container mashsb-main mashsb-stretched\"><div class=\"mashsb-box\"><div class=\"mashsb-count mash-large\" style=\"float:left\"><div class=\"counts mashsbcount\">0<\/div><span class=\"mashsb-sharetext\">SHARES<\/span><\/div><div class=\"mashsb-buttons\"><a class=\"mashicon-facebook mash-large mash-center mashsb-noshadow\" href=\"https:\/\/www.facebook.com\/sharer.php?u=https%3A%2F%2Fwww.zunoticia.com%2Fnoticias-de-hidalgo%2F2025%2F04%2F05%2Fempleadores-no-respetan-derechos-de-los-trabajadores-abogado%2F\" target=\"_top\" rel=\"nofollow\"><span class=\"icon\"><\/span><span class=\"text\">Share<\/span><\/a><a class=\"mashicon-twitter mash-large mash-center mashsb-noshadow\" href=\"https:\/\/twitter.com\/intent\/tweet?text=&amp;url=https:\/\/www.zunoticia.com\/noticias-de-hidalgo\/2025\/04\/05\/empleadores-no-respetan-derechos-de-los-trabajadores-abogado\/\" target=\"_top\" rel=\"nofollow\"><span class=\"icon\"><\/span><span class=\"text\">Tweet<\/span><\/a><div class=\"onoffswitch2 mash-large mashsb-noshadow\" style=\"display:none\"><\/div><\/div>\n            <\/div>\n                <div style=\"clear:both\"><\/div><div class=\"mashsb-toggle-container\"><\/div><\/aside>\n            <!-- Share buttons by mashshare.net - Version: 4.0.47-->\n<p><em>Por Enedino Hern\u00e1ndez Alonso\/Zunoticia<\/em><\/p>\n\n\n\n<p><strong>Huejutla, Hgo<\/strong>.- Muchos de los \u2018empleadores\u2019 y empresas en esta zona de Hidalgo, pr\u00e1cticamente no respetan puntualmente los derechos que tienen sus trabajadores, confirm\u00f3 el abogado Jairo Alfonso Mar Reyes.<\/p>\n\n\n\n<p>Dijo que, los trabajadores no cuentan con una adecuada atenci\u00f3n a sus derechos laborales que deben tener de parte de sus empleadores o empresas \u201clos derechos laborales con relaci\u00f3n a la pr\u00f3xima celebraci\u00f3n del d\u00eda del trabajo no son respetados, muchos de los trabajadores no tienen ni seguro social, antes se ten\u00edan m\u00e1s derechos, hoy est\u00e1n por abajo los derechos de los trabajadores\u201d.<\/p>\n\n\n\n<p>Subray\u00f3 que, muchas personas \u201ctrabajan, pero no tienen seguro, porque el patr\u00f3n no quiere invertir para poder asegurar al trabajador, parece que ni los Ayuntamientos tienen asegurado a todos sus trabajadores, es un derecho a la salud que se niega\u201d.<\/p>\n\n\n\n<p>Reconoci\u00f3 que, en muchas de las ocasiones el trabajador \u2018se aguanta\u2019 y no hace nada, no protesta, no dice nada, todo por la necesidad de trabajar y poder solventar los gastos de familia, pagar luz, renta, agua y dem\u00e1s servicios.<\/p>\n\n\n\n<p>Abund\u00f3 que, en muchos lados a los trabajadores no les brindan capacitaci\u00f3n, no respetan sus derechos, no les brindan protecci\u00f3n \u201ca los trabajadores se les debe de capacitar y sobre todo, respetar los derechos que tienen, muchos de los trabajadores no saben o no conocen sus derechos, s\u00f3lo saben de obligaciones y no de sus derechos\u201d.<\/p>\n\n\n\n<p>Puntualiz\u00f3 que, cuando un trabajador tiene alg\u00fan problema tiene que ir hasta Pachuca a poner una queja laboral o demandar alg\u00fan despido \u201caqu\u00ed en Huejutla se deber\u00edan de tener oficinas para atender las quejas y demandas de los trabajadores, pero hasta el momento no se tienen\u201d.<\/p>\n","protected":false},"excerpt":{"rendered":"<p>Por Enedino Hern\u00e1ndez Alonso\/Zunoticia Huejutla, Hgo.- Muchos de los \u2018empleadores\u2019 y empresas en esta zona de Hidalgo, pr\u00e1cticamente no respetan puntualmente los derechos que tienen sus trabajadores, confirm\u00f3 el abogado Jairo Alfonso Mar Reyes. Dijo que, los trabajadores no cuentan con una adecuada atenci\u00f3n a sus derechos laborales que deben tener de parte de sus&hellip; <a class=\"more-link\" href=\"https:\/\/www.zunoticia.com\/noticias-de-hidalgo\/2025\/04\/05\/empleadores-no-respetan-derechos-de-los-trabajadores-abogado\/\">Seguir leyendo <span class=\"screen-reader-text\">\u2018Empleadores\u2019 no respetan derechos de los trabajadores: Abogado<\/span><\/a><\/p>\n","protected":false},"author":20,"featured_media":588546,"comment_status":"open","ping_status":"open","sticky":false,"template":"","format":"standard","meta":{"rop_custom_images_group":[],"rop_custom_messages_group":[],"rop_publish_now":"initial","rop_publish_now_accounts":{"facebook_10159540855086992_322828327761733":""},"rop_publish_now_history":[],"rop_publish_now_status":"pending","footnotes":""},"categories":[181],"tags":[121],"class_list":["post-588545","post","type-post","status-publish","format-standard","has-post-thumbnail","hentry","category-huejutla","tag-huejutla","entry"],"_links":{"self":[{"href":"https:\/\/www.zunoticia.com\/noticias-de-hidalgo\/wp-json\/wp\/v2\/posts\/588545","targetHints":{"allow":["GET"]}}],"collection":[{"href":"https:\/\/www.zunoticia.com\/noticias-de-hidalgo\/wp-json\/wp\/v2\/posts"}],"about":[{"href":"https:\/\/www.zunoticia.com\/noticias-de-hidalgo\/wp-json\/wp\/v2\/types\/post"}],"author":[{"embeddable":true,"href":"https:\/\/www.zunoticia.com\/noticias-de-hidalgo\/wp-json\/wp\/v2\/users\/20"}],"replies":[{"embeddable":true,"href":"https:\/\/www.zunoticia.com\/noticias-de-hidalgo\/wp-json\/wp\/v2\/comments?post=588545"}],"version-history":[{"count":1,"href":"https:\/\/www.zunoticia.com\/noticias-de-hidalgo\/wp-json\/wp\/v2\/posts\/588545\/revisions"}],"predecessor-version":[{"id":588547,"href":"https:\/\/www.zunoticia.com\/noticias-de-hidalgo\/wp-json\/wp\/v2\/posts\/588545\/revisions\/588547"}],"wp:featuredmedia":[{"embeddable":true,"href":"https:\/\/www.zunoticia.com\/noticias-de-hidalgo\/wp-json\/wp\/v2\/media\/588546"}],"wp:attachment":[{"href":"https:\/\/www.zunoticia.com\/noticias-de-hidalgo\/wp-json\/wp\/v2\/media?parent=588545"}],"wp:term":[{"taxonomy":"category","embeddable":true,"href":"https:\/\/www.zunoticia.com\/noticias-de-hidalgo\/wp-json\/wp\/v2\/categories?post=588545"},{"taxonomy":"post_tag","embeddable":true,"href":"https:\/\/www.zunoticia.com\/noticias-de-hidalgo\/wp-json\/wp\/v2\/tags?post=588545"}],"curies":[{"name":"wp","href":"https:\/\/api.w.org\/{rel}","templated":true}]}}