{"id":588551,"date":"2025-04-05T19:06:32","date_gmt":"2025-04-06T01:06:32","guid":{"rendered":"https:\/\/www.zunoticia.com\/noticias-de-hidalgo\/?p=588551"},"modified":"2025-04-05T19:06:33","modified_gmt":"2025-04-06T01:06:33","slug":"comerciantes-del-giro-de-velas-se-preparan-para-la-venta-del-cirio-pascual","status":"publish","type":"post","link":"https:\/\/www.zunoticia.com\/noticias-de-hidalgo\/2025\/04\/05\/comerciantes-del-giro-de-velas-se-preparan-para-la-venta-del-cirio-pascual\/","title":{"rendered":"Comerciantes del giro de velas se preparan para la venta del Cirio Pascual"},"content":{"rendered":"<aside class=\"mashsb-container mashsb-main mashsb-stretched\"><div class=\"mashsb-box\"><div class=\"mashsb-count mash-large\" style=\"float:left\"><div class=\"counts mashsbcount\">0<\/div><span class=\"mashsb-sharetext\">SHARES<\/span><\/div><div class=\"mashsb-buttons\"><a class=\"mashicon-facebook mash-large mash-center mashsb-noshadow\" href=\"https:\/\/www.facebook.com\/sharer.php?u=https%3A%2F%2Fwww.zunoticia.com%2Fnoticias-de-hidalgo%2F2025%2F04%2F05%2Fcomerciantes-del-giro-de-velas-se-preparan-para-la-venta-del-cirio-pascual%2F\" target=\"_top\" rel=\"nofollow\"><span class=\"icon\"><\/span><span class=\"text\">Share<\/span><\/a><a class=\"mashicon-twitter mash-large mash-center mashsb-noshadow\" href=\"https:\/\/twitter.com\/intent\/tweet?text=&amp;url=https:\/\/www.zunoticia.com\/noticias-de-hidalgo\/2025\/04\/05\/comerciantes-del-giro-de-velas-se-preparan-para-la-venta-del-cirio-pascual\/\" target=\"_top\" rel=\"nofollow\"><span class=\"icon\"><\/span><span class=\"text\">Tweet<\/span><\/a><div class=\"onoffswitch2 mash-large mashsb-noshadow\" style=\"display:none\"><\/div><\/div>\n            <\/div>\n                <div style=\"clear:both\"><\/div><div class=\"mashsb-toggle-container\"><\/div><\/aside>\n            <!-- Share buttons by mashshare.net - Version: 4.0.47-->\n<p><em>Por Salvador Altamirano\/Zunoticia<\/em><\/p>\n\n\n\n<p><strong>Huejutla, Hgo.-<\/strong> Ante la proximidad de Semana Santa, que este a\u00f1o tendr\u00e1 efecto del 13 al 20 de abril, comerciantes del giro de veladoras establecidos en el mercado municipal, se preparan para la venta del Cirio Pascual.<\/p>\n\n\n\n<p>No obstante -agregaron-, que la competencia es bastante y hasta desleal, lo venden hasta en las iglesias, aunado a que su costo por el tama\u00f1o no es tan accesible.<\/p>\n\n\n\n<p>Seg\u00fan la religi\u00f3n cat\u00f3lica, el Cirio Pascual es una vela de gran tama\u00f1o que se bendice y enciende en la Vigilia Pascual, de ah\u00ed su nombre, o sea, en la noche del S\u00e1bado Santo que ser\u00e1 el 19 de abril pr\u00f3ximo.<\/p>\n\n\n\n<p>Simboliza -agreg\u00f3-, la resurrecci\u00f3n de Jes\u00fas, por lo que su flama es un recordatorio poderoso de que Cristo es nuestra luz y est\u00e1 siempre presente, gui\u00e1ndonos y llen\u00e1ndonos de esperanza.<\/p>\n\n\n\n<p>Para concluir, comentaron que, aunque saben que las ventas ya no son como antes, tienen la esperanza de lograr alg\u00fan \u00edndice de ganancia, sin especificar un porcentaje.<\/p>\n","protected":false},"excerpt":{"rendered":"<p>Por Salvador Altamirano\/Zunoticia Huejutla, Hgo.- Ante la proximidad de Semana Santa, que este a\u00f1o tendr\u00e1 efecto del 13 al 20 de abril, comerciantes del giro de veladoras establecidos en el mercado municipal, se preparan para la venta del Cirio Pascual. No obstante -agregaron-, que la competencia es bastante y hasta desleal, lo venden hasta en&hellip; <a class=\"more-link\" href=\"https:\/\/www.zunoticia.com\/noticias-de-hidalgo\/2025\/04\/05\/comerciantes-del-giro-de-velas-se-preparan-para-la-venta-del-cirio-pascual\/\">Seguir leyendo <span class=\"screen-reader-text\">Comerciantes del giro de velas se preparan para la venta del Cirio Pascual<\/span><\/a><\/p>\n","protected":false},"author":20,"featured_media":588553,"comment_status":"open","ping_status":"open","sticky":false,"template":"","format":"standard","meta":{"rop_custom_images_group":[],"rop_custom_messages_group":[],"rop_publish_now":"initial","rop_publish_now_accounts":{"facebook_10159540855086992_322828327761733":""},"rop_publish_now_history":[],"rop_publish_now_status":"pending","footnotes":""},"categories":[181],"tags":[121],"class_list":["post-588551","post","type-post","status-publish","format-standard","has-post-thumbnail","hentry","category-huejutla","tag-huejutla","entry"],"_links":{"self":[{"href":"https:\/\/www.zunoticia.com\/noticias-de-hidalgo\/wp-json\/wp\/v2\/posts\/588551","targetHints":{"allow":["GET"]}}],"collection":[{"href":"https:\/\/www.zunoticia.com\/noticias-de-hidalgo\/wp-json\/wp\/v2\/posts"}],"about":[{"href":"https:\/\/www.zunoticia.com\/noticias-de-hidalgo\/wp-json\/wp\/v2\/types\/post"}],"author":[{"embeddable":true,"href":"https:\/\/www.zunoticia.com\/noticias-de-hidalgo\/wp-json\/wp\/v2\/users\/20"}],"replies":[{"embeddable":true,"href":"https:\/\/www.zunoticia.com\/noticias-de-hidalgo\/wp-json\/wp\/v2\/comments?post=588551"}],"version-history":[{"count":1,"href":"https:\/\/www.zunoticia.com\/noticias-de-hidalgo\/wp-json\/wp\/v2\/posts\/588551\/revisions"}],"predecessor-version":[{"id":588554,"href":"https:\/\/www.zunoticia.com\/noticias-de-hidalgo\/wp-json\/wp\/v2\/posts\/588551\/revisions\/588554"}],"wp:featuredmedia":[{"embeddable":true,"href":"https:\/\/www.zunoticia.com\/noticias-de-hidalgo\/wp-json\/wp\/v2\/media\/588553"}],"wp:attachment":[{"href":"https:\/\/www.zunoticia.com\/noticias-de-hidalgo\/wp-json\/wp\/v2\/media?parent=588551"}],"wp:term":[{"taxonomy":"category","embeddable":true,"href":"https:\/\/www.zunoticia.com\/noticias-de-hidalgo\/wp-json\/wp\/v2\/categories?post=588551"},{"taxonomy":"post_tag","embeddable":true,"href":"https:\/\/www.zunoticia.com\/noticias-de-hidalgo\/wp-json\/wp\/v2\/tags?post=588551"}],"curies":[{"name":"wp","href":"https:\/\/api.w.org\/{rel}","templated":true}]}}