{"id":588565,"date":"2025-04-05T19:40:00","date_gmt":"2025-04-06T01:40:00","guid":{"rendered":"https:\/\/www.zunoticia.com\/noticias-de-hidalgo\/?p=588565"},"modified":"2025-04-05T19:40:02","modified_gmt":"2025-04-06T01:40:02","slug":"se-quemo-puesto-movil","status":"publish","type":"post","link":"https:\/\/www.zunoticia.com\/noticias-de-hidalgo\/2025\/04\/05\/se-quemo-puesto-movil\/","title":{"rendered":"Se quem\u00f3 puesto m\u00f3vil"},"content":{"rendered":"<aside class=\"mashsb-container mashsb-main mashsb-stretched\"><div class=\"mashsb-box\"><div class=\"mashsb-count mash-large\" style=\"float:left\"><div class=\"counts mashsbcount\">0<\/div><span class=\"mashsb-sharetext\">SHARES<\/span><\/div><div class=\"mashsb-buttons\"><a class=\"mashicon-facebook mash-large mash-center mashsb-noshadow\" href=\"https:\/\/www.facebook.com\/sharer.php?u=https%3A%2F%2Fwww.zunoticia.com%2Fnoticias-de-hidalgo%2F2025%2F04%2F05%2Fse-quemo-puesto-movil%2F\" target=\"_top\" rel=\"nofollow\"><span class=\"icon\"><\/span><span class=\"text\">Share<\/span><\/a><a class=\"mashicon-twitter mash-large mash-center mashsb-noshadow\" href=\"https:\/\/twitter.com\/intent\/tweet?text=&amp;url=https:\/\/www.zunoticia.com\/noticias-de-hidalgo\/2025\/04\/05\/se-quemo-puesto-movil\/\" target=\"_top\" rel=\"nofollow\"><span class=\"icon\"><\/span><span class=\"text\">Tweet<\/span><\/a><div class=\"onoffswitch2 mash-large mashsb-noshadow\" style=\"display:none\"><\/div><\/div>\n            <\/div>\n                <div style=\"clear:both\"><\/div><div class=\"mashsb-toggle-container\"><\/div><\/aside>\n            <!-- Share buttons by mashshare.net - Version: 4.0.47-->\n<p><em>Por Roberto Ram\u00edrez \/Zunoticia<\/em><\/p>\n\n\n\n<p><strong>Huejutla, Hgo<\/strong>. &#8211; Un puesto m\u00f3vil se quem\u00f3, la tarde de este s\u00e1bado, sobre el estacionamiento de la Central de Abastos en la colonia Aviaci\u00f3n civil de esta ciudad, comerciantes de esa zona alertaron a los servicios de emergencias para su intervenci\u00f3n.<\/p>\n\n\n\n<p>Al lugar llegaron polic\u00edas municipales y elementos del Cuerpo de Bomberos para sofocar las llamas en el puesto rodante, con la ayuda del cami\u00f3n &#8211; bomba, tras varios minutos de trabajo se logr\u00f3 controlar la lumbre que s\u00f3lo dej\u00f3 da\u00f1os materiales en dicho puesto.<\/p>\n\n\n\n<p>Hasta el momento se desconoce c\u00f3mo se produjo la lumbre que arras\u00f3 con todos los utensilios y dem\u00e1s equipo de trabajo en ese lugar; afortunadamente no dej\u00f3 v\u00edctimas que. lamentablemente, los Bomberos tambi\u00e9n hicieron una serie de recomendaciones a la propietaria de este puesto.<\/p>\n\n\n\n<figure class=\"wp-block-image size-full\"><img fetchpriority=\"high\" decoding=\"async\" width=\"1280\" height=\"846\" src=\"https:\/\/www.zunoticia.com\/noticias-de-hidalgo\/wp-content\/uploads\/2025\/04\/WhatsApp-Image-2025-04-05-at-7.13.02-PM.jpeg\" alt=\"\" class=\"wp-image-588567\"\/><\/figure>\n","protected":false},"excerpt":{"rendered":"<p>Por Roberto Ram\u00edrez \/Zunoticia Huejutla, Hgo. &#8211; Un puesto m\u00f3vil se quem\u00f3, la tarde de este s\u00e1bado, sobre el estacionamiento de la Central de Abastos en la colonia Aviaci\u00f3n civil de esta ciudad, comerciantes de esa zona alertaron a los servicios de emergencias para su intervenci\u00f3n. Al lugar llegaron polic\u00edas municipales y elementos del Cuerpo&hellip; <a class=\"more-link\" href=\"https:\/\/www.zunoticia.com\/noticias-de-hidalgo\/2025\/04\/05\/se-quemo-puesto-movil\/\">Seguir leyendo <span class=\"screen-reader-text\">Se quem\u00f3 puesto m\u00f3vil<\/span><\/a><\/p>\n","protected":false},"author":20,"featured_media":588566,"comment_status":"open","ping_status":"open","sticky":false,"template":"","format":"standard","meta":{"rop_custom_images_group":[],"rop_custom_messages_group":[],"rop_publish_now":"initial","rop_publish_now_accounts":{"facebook_10159540855086992_322828327761733":""},"rop_publish_now_history":[],"rop_publish_now_status":"pending","footnotes":""},"categories":[178],"tags":[259],"class_list":["post-588565","post","type-post","status-publish","format-standard","has-post-thumbnail","hentry","category-policiaca","tag-policiaca","entry"],"_links":{"self":[{"href":"https:\/\/www.zunoticia.com\/noticias-de-hidalgo\/wp-json\/wp\/v2\/posts\/588565","targetHints":{"allow":["GET"]}}],"collection":[{"href":"https:\/\/www.zunoticia.com\/noticias-de-hidalgo\/wp-json\/wp\/v2\/posts"}],"about":[{"href":"https:\/\/www.zunoticia.com\/noticias-de-hidalgo\/wp-json\/wp\/v2\/types\/post"}],"author":[{"embeddable":true,"href":"https:\/\/www.zunoticia.com\/noticias-de-hidalgo\/wp-json\/wp\/v2\/users\/20"}],"replies":[{"embeddable":true,"href":"https:\/\/www.zunoticia.com\/noticias-de-hidalgo\/wp-json\/wp\/v2\/comments?post=588565"}],"version-history":[{"count":1,"href":"https:\/\/www.zunoticia.com\/noticias-de-hidalgo\/wp-json\/wp\/v2\/posts\/588565\/revisions"}],"predecessor-version":[{"id":588568,"href":"https:\/\/www.zunoticia.com\/noticias-de-hidalgo\/wp-json\/wp\/v2\/posts\/588565\/revisions\/588568"}],"wp:featuredmedia":[{"embeddable":true,"href":"https:\/\/www.zunoticia.com\/noticias-de-hidalgo\/wp-json\/wp\/v2\/media\/588566"}],"wp:attachment":[{"href":"https:\/\/www.zunoticia.com\/noticias-de-hidalgo\/wp-json\/wp\/v2\/media?parent=588565"}],"wp:term":[{"taxonomy":"category","embeddable":true,"href":"https:\/\/www.zunoticia.com\/noticias-de-hidalgo\/wp-json\/wp\/v2\/categories?post=588565"},{"taxonomy":"post_tag","embeddable":true,"href":"https:\/\/www.zunoticia.com\/noticias-de-hidalgo\/wp-json\/wp\/v2\/tags?post=588565"}],"curies":[{"name":"wp","href":"https:\/\/api.w.org\/{rel}","templated":true}]}}