{"id":589043,"date":"2025-04-10T09:50:26","date_gmt":"2025-04-10T15:50:26","guid":{"rendered":"https:\/\/www.zunoticia.com\/noticias-de-hidalgo\/?p=589043"},"modified":"2025-04-10T09:50:30","modified_gmt":"2025-04-10T15:50:30","slug":"izan-bandera-por-106-aniversario-luctuoso-de-emiliano-zapata","status":"publish","type":"post","link":"https:\/\/www.zunoticia.com\/noticias-de-hidalgo\/2025\/04\/10\/izan-bandera-por-106-aniversario-luctuoso-de-emiliano-zapata\/","title":{"rendered":"Izan bandera por 106 aniversario luctuoso de Emiliano Zapata"},"content":{"rendered":"<aside class=\"mashsb-container mashsb-main mashsb-stretched\"><div class=\"mashsb-box\"><div class=\"mashsb-count mash-large\" style=\"float:left\"><div class=\"counts mashsbcount\">0<\/div><span class=\"mashsb-sharetext\">SHARES<\/span><\/div><div class=\"mashsb-buttons\"><a class=\"mashicon-facebook mash-large mash-center mashsb-noshadow\" href=\"https:\/\/www.facebook.com\/sharer.php?u=https%3A%2F%2Fwww.zunoticia.com%2Fnoticias-de-hidalgo%2F2025%2F04%2F10%2Fizan-bandera-por-106-aniversario-luctuoso-de-emiliano-zapata%2F\" target=\"_top\" rel=\"nofollow\"><span class=\"icon\"><\/span><span class=\"text\">Share<\/span><\/a><a class=\"mashicon-twitter mash-large mash-center mashsb-noshadow\" href=\"https:\/\/twitter.com\/intent\/tweet?text=&amp;url=https:\/\/www.zunoticia.com\/noticias-de-hidalgo\/2025\/04\/10\/izan-bandera-por-106-aniversario-luctuoso-de-emiliano-zapata\/\" target=\"_top\" rel=\"nofollow\"><span class=\"icon\"><\/span><span class=\"text\">Tweet<\/span><\/a><div class=\"onoffswitch2 mash-large mashsb-noshadow\" style=\"display:none\"><\/div><\/div>\n            <\/div>\n                <div style=\"clear:both\"><\/div><div class=\"mashsb-toggle-container\"><\/div><\/aside>\n            <!-- Share buttons by mashshare.net - Version: 4.0.47-->\n<p><em>Por Enedino Hern\u00e1ndez Alonso\/Zunoticia<\/em><\/p>\n\n\n\n<p><strong>Huejutla, Hidalgo. &#8211;<\/strong> Alumnos, maestros y padres de familia de diversas instituciones educativas, as\u00ed como las autoridades municipales participaron en un evento c\u00edvico con motivo del 106 aniversario luctuoso de Emiliano Zapata Salazar, conocido como el \u201cCaudillo del Sur\u201d.<\/p>\n\n\n\n<p>El evento c\u00edvico de izamiento de bandera a media asta se llev\u00f3 a cabo durante la ma\u00f1ana de este jueves 10 de abril en la explanada del reloj municipal en esta ciudad de Huejutla de Reyes.<\/p>\n\n\n\n<figure class=\"wp-block-image size-full\"><img fetchpriority=\"high\" decoding=\"async\" width=\"1600\" height=\"900\" src=\"https:\/\/www.zunoticia.com\/noticias-de-hidalgo\/wp-content\/uploads\/2025\/04\/Izan-bandera-x-aniversario-de-Emiliano-Zapata-2.jpeg\" alt=\"\" class=\"wp-image-589045\"\/><\/figure>\n\n\n\n<p>En el evento se cont\u00f3 con la presencia de la escolta del Instituto Tecnol\u00f3gico de M\u00e9xico, campus Huejutla, alumnos de la escuela secundaria General H\u00e9roe Antonio Reyes y de la escuela primaria Emiliano Zapata de la colonia Adolfo L\u00f3pez Mateos.<\/p>\n\n\n\n<p>Asimismo, se destaca que Emiliano Zapata fue emboscado y asesinado por las fuerzas Carrancistas en Chinameca, el 10 de abril de 1919, despu\u00e9s de ser traicionado por el militar Jes\u00fas Guajardo y pesar de la muerte de Zapata, sus seguidores mantuvieron la lucha hasta el asesinato de Venustiano Carranza.<\/p>\n\n\n\n<figure class=\"wp-block-image size-full\"><img decoding=\"async\" width=\"1440\" height=\"1080\" src=\"https:\/\/www.zunoticia.com\/noticias-de-hidalgo\/wp-content\/uploads\/2025\/04\/Izan-bandera-x-aniversario-de-Emiliano-Zapata-3.jpeg\" alt=\"\" class=\"wp-image-589046\"\/><\/figure>\n","protected":false},"excerpt":{"rendered":"<p>Por Enedino Hern\u00e1ndez Alonso\/Zunoticia Huejutla, Hidalgo. &#8211; Alumnos, maestros y padres de familia de diversas instituciones educativas, as\u00ed como las autoridades municipales participaron en un evento c\u00edvico con motivo del 106 aniversario luctuoso de Emiliano Zapata Salazar, conocido como el \u201cCaudillo del Sur\u201d. El evento c\u00edvico de izamiento de bandera a media asta se llev\u00f3&hellip; <a class=\"more-link\" href=\"https:\/\/www.zunoticia.com\/noticias-de-hidalgo\/2025\/04\/10\/izan-bandera-por-106-aniversario-luctuoso-de-emiliano-zapata\/\">Seguir leyendo <span class=\"screen-reader-text\">Izan bandera por 106 aniversario luctuoso de Emiliano Zapata<\/span><\/a><\/p>\n","protected":false},"author":23,"featured_media":589044,"comment_status":"open","ping_status":"open","sticky":false,"template":"","format":"standard","meta":{"rop_custom_images_group":[],"rop_custom_messages_group":[],"rop_publish_now":"initial","rop_publish_now_accounts":{"facebook_10159540855086992_322828327761733":""},"rop_publish_now_history":[],"rop_publish_now_status":"pending","footnotes":""},"categories":[181],"tags":[121],"class_list":["post-589043","post","type-post","status-publish","format-standard","has-post-thumbnail","hentry","category-huejutla","tag-huejutla","entry"],"_links":{"self":[{"href":"https:\/\/www.zunoticia.com\/noticias-de-hidalgo\/wp-json\/wp\/v2\/posts\/589043","targetHints":{"allow":["GET"]}}],"collection":[{"href":"https:\/\/www.zunoticia.com\/noticias-de-hidalgo\/wp-json\/wp\/v2\/posts"}],"about":[{"href":"https:\/\/www.zunoticia.com\/noticias-de-hidalgo\/wp-json\/wp\/v2\/types\/post"}],"author":[{"embeddable":true,"href":"https:\/\/www.zunoticia.com\/noticias-de-hidalgo\/wp-json\/wp\/v2\/users\/23"}],"replies":[{"embeddable":true,"href":"https:\/\/www.zunoticia.com\/noticias-de-hidalgo\/wp-json\/wp\/v2\/comments?post=589043"}],"version-history":[{"count":1,"href":"https:\/\/www.zunoticia.com\/noticias-de-hidalgo\/wp-json\/wp\/v2\/posts\/589043\/revisions"}],"predecessor-version":[{"id":589047,"href":"https:\/\/www.zunoticia.com\/noticias-de-hidalgo\/wp-json\/wp\/v2\/posts\/589043\/revisions\/589047"}],"wp:featuredmedia":[{"embeddable":true,"href":"https:\/\/www.zunoticia.com\/noticias-de-hidalgo\/wp-json\/wp\/v2\/media\/589044"}],"wp:attachment":[{"href":"https:\/\/www.zunoticia.com\/noticias-de-hidalgo\/wp-json\/wp\/v2\/media?parent=589043"}],"wp:term":[{"taxonomy":"category","embeddable":true,"href":"https:\/\/www.zunoticia.com\/noticias-de-hidalgo\/wp-json\/wp\/v2\/categories?post=589043"},{"taxonomy":"post_tag","embeddable":true,"href":"https:\/\/www.zunoticia.com\/noticias-de-hidalgo\/wp-json\/wp\/v2\/tags?post=589043"}],"curies":[{"name":"wp","href":"https:\/\/api.w.org\/{rel}","templated":true}]}}