{"id":589061,"date":"2025-04-10T11:58:56","date_gmt":"2025-04-10T17:58:56","guid":{"rendered":"https:\/\/www.zunoticia.com\/noticias-de-hidalgo\/?p=589061"},"modified":"2025-04-10T11:58:58","modified_gmt":"2025-04-10T17:58:58","slug":"eleccion-de-jueces-y-magistrados-es-un-proceso-electoral-inedito-jfr","status":"publish","type":"post","link":"https:\/\/www.zunoticia.com\/noticias-de-hidalgo\/2025\/04\/10\/eleccion-de-jueces-y-magistrados-es-un-proceso-electoral-inedito-jfr\/","title":{"rendered":"Elecci\u00f3n de Jueces y Magistrados, es un proceso electoral in\u00e9dito: JFR"},"content":{"rendered":"<aside class=\"mashsb-container mashsb-main mashsb-stretched\"><div class=\"mashsb-box\"><div class=\"mashsb-count mash-large\" style=\"float:left\"><div class=\"counts mashsbcount\">0<\/div><span class=\"mashsb-sharetext\">SHARES<\/span><\/div><div class=\"mashsb-buttons\"><a class=\"mashicon-facebook mash-large mash-center mashsb-noshadow\" href=\"https:\/\/www.facebook.com\/sharer.php?u=https%3A%2F%2Fwww.zunoticia.com%2Fnoticias-de-hidalgo%2F2025%2F04%2F10%2Feleccion-de-jueces-y-magistrados-es-un-proceso-electoral-inedito-jfr%2F\" target=\"_top\" rel=\"nofollow\"><span class=\"icon\"><\/span><span class=\"text\">Share<\/span><\/a><a class=\"mashicon-twitter mash-large mash-center mashsb-noshadow\" href=\"https:\/\/twitter.com\/intent\/tweet?text=&amp;url=https:\/\/www.zunoticia.com\/noticias-de-hidalgo\/2025\/04\/10\/eleccion-de-jueces-y-magistrados-es-un-proceso-electoral-inedito-jfr\/\" target=\"_top\" rel=\"nofollow\"><span class=\"icon\"><\/span><span class=\"text\">Tweet<\/span><\/a><div class=\"onoffswitch2 mash-large mashsb-noshadow\" style=\"display:none\"><\/div><\/div>\n            <\/div>\n                <div style=\"clear:both\"><\/div><div class=\"mashsb-toggle-container\"><\/div><\/aside>\n            <!-- Share buttons by mashshare.net - Version: 4.0.47-->\n<p><em>Por Enedino Hern\u00e1ndez Alonso\/Zunoticia<\/em><\/p>\n\n\n\n<p><strong>Huejutla, Hgo<\/strong>. \u2013 \u201cLa elecci\u00f3n de los Jueces y Magistrados previsto para el primero de junio del 2025, es un proceso electoral verdaderamente in\u00e9dito, pues es la primera vez que los ciudadanos van a elegir a quienes integrar\u00e1n el Poder Judicial Federal\u201d, as\u00ed lo se\u00f1al\u00f3 el vicepresidente de la Asociaci\u00f3n de Abogados de la Huasteca Hidalguense, Juan Fern\u00e1ndez Rojas.<\/p>\n\n\n\n<p>Es importante se\u00f1alar que, las elecciones federales judiciales extraordinarias de M\u00e9xico de 2025, son oficialmente conocidas como Proceso Electoral Federal Extraordinario 2024-2025, que se llevar\u00e1 a cabo el domingo 1 de junio de 2025 en M\u00e9xico bajo la organizaci\u00f3n del Instituto Nacional Electoral, es el primer proceso electoral judicial que se organiza en el pa\u00eds.<\/p>\n\n\n\n<p>Asimismo, explic\u00f3 que, claramente se puede observar que no hay mucho inter\u00e9s del pueblo por la elecci\u00f3n de los Jueces, pues para empezar ni siquiera los conocen, al parecer por Huejutla participan dos abogados.<\/p>\n\n\n\n<p>Juan Fern\u00e1ndez, anticip\u00f3 que, en este proceso se vislumbra que habr\u00e1 muchos problemas, poco inter\u00e9s de la poblaci\u00f3n y se espera que finalmente resulte, ya que de lo contrario ser\u00e1 un fracaso.<\/p>\n\n\n\n<p>Insisti\u00f3 que, el proceso electoral es la primera vez en la historia de M\u00e9xico que se llevar\u00e1 a cabo, es una elecci\u00f3n para designar Jueces y Magistrados, \u201cy tiene sus problemas, la experiencia de la gente no ayuda en nada pues nunca antes se ha dado este tipo de elecciones, y se tienen que esperar los resultados\u201d.&nbsp;&nbsp;<\/p>\n\n\n\n<p>PIE:<\/p>\n\n\n\n<p>Juan Fern\u00e1ndez Rojas.<\/p>\n\n\n\n<p><\/p>\n","protected":false},"excerpt":{"rendered":"<p>Por Enedino Hern\u00e1ndez Alonso\/Zunoticia Huejutla, Hgo. \u2013 \u201cLa elecci\u00f3n de los Jueces y Magistrados previsto para el primero de junio del 2025, es un proceso electoral verdaderamente in\u00e9dito, pues es la primera vez que los ciudadanos van a elegir a quienes integrar\u00e1n el Poder Judicial Federal\u201d, as\u00ed lo se\u00f1al\u00f3 el vicepresidente de la Asociaci\u00f3n de&hellip; <a class=\"more-link\" href=\"https:\/\/www.zunoticia.com\/noticias-de-hidalgo\/2025\/04\/10\/eleccion-de-jueces-y-magistrados-es-un-proceso-electoral-inedito-jfr\/\">Seguir leyendo <span class=\"screen-reader-text\">Elecci\u00f3n de Jueces y Magistrados, es un proceso electoral in\u00e9dito: JFR<\/span><\/a><\/p>\n","protected":false},"author":20,"featured_media":589062,"comment_status":"open","ping_status":"open","sticky":false,"template":"","format":"standard","meta":{"rop_custom_images_group":[],"rop_custom_messages_group":[],"rop_publish_now":"initial","rop_publish_now_accounts":{"facebook_10159540855086992_322828327761733":""},"rop_publish_now_history":[],"rop_publish_now_status":"pending","footnotes":""},"categories":[181],"tags":[121],"class_list":["post-589061","post","type-post","status-publish","format-standard","has-post-thumbnail","hentry","category-huejutla","tag-huejutla","entry"],"_links":{"self":[{"href":"https:\/\/www.zunoticia.com\/noticias-de-hidalgo\/wp-json\/wp\/v2\/posts\/589061","targetHints":{"allow":["GET"]}}],"collection":[{"href":"https:\/\/www.zunoticia.com\/noticias-de-hidalgo\/wp-json\/wp\/v2\/posts"}],"about":[{"href":"https:\/\/www.zunoticia.com\/noticias-de-hidalgo\/wp-json\/wp\/v2\/types\/post"}],"author":[{"embeddable":true,"href":"https:\/\/www.zunoticia.com\/noticias-de-hidalgo\/wp-json\/wp\/v2\/users\/20"}],"replies":[{"embeddable":true,"href":"https:\/\/www.zunoticia.com\/noticias-de-hidalgo\/wp-json\/wp\/v2\/comments?post=589061"}],"version-history":[{"count":1,"href":"https:\/\/www.zunoticia.com\/noticias-de-hidalgo\/wp-json\/wp\/v2\/posts\/589061\/revisions"}],"predecessor-version":[{"id":589063,"href":"https:\/\/www.zunoticia.com\/noticias-de-hidalgo\/wp-json\/wp\/v2\/posts\/589061\/revisions\/589063"}],"wp:featuredmedia":[{"embeddable":true,"href":"https:\/\/www.zunoticia.com\/noticias-de-hidalgo\/wp-json\/wp\/v2\/media\/589062"}],"wp:attachment":[{"href":"https:\/\/www.zunoticia.com\/noticias-de-hidalgo\/wp-json\/wp\/v2\/media?parent=589061"}],"wp:term":[{"taxonomy":"category","embeddable":true,"href":"https:\/\/www.zunoticia.com\/noticias-de-hidalgo\/wp-json\/wp\/v2\/categories?post=589061"},{"taxonomy":"post_tag","embeddable":true,"href":"https:\/\/www.zunoticia.com\/noticias-de-hidalgo\/wp-json\/wp\/v2\/tags?post=589061"}],"curies":[{"name":"wp","href":"https:\/\/api.w.org\/{rel}","templated":true}]}}