{"id":589072,"date":"2025-04-10T14:56:35","date_gmt":"2025-04-10T20:56:35","guid":{"rendered":"https:\/\/www.zunoticia.com\/noticias-de-hidalgo\/?p=589072"},"modified":"2025-04-10T14:56:37","modified_gmt":"2025-04-10T20:56:37","slug":"es-loable-recordar-a-personajes-como-emiliano-zapata-fayad-torres","status":"publish","type":"post","link":"https:\/\/www.zunoticia.com\/noticias-de-hidalgo\/2025\/04\/10\/es-loable-recordar-a-personajes-como-emiliano-zapata-fayad-torres\/","title":{"rendered":"Es loable recordar a personajes como Emiliano Zapata: Fayad Torres"},"content":{"rendered":"<aside class=\"mashsb-container mashsb-main mashsb-stretched\"><div class=\"mashsb-box\"><div class=\"mashsb-count mash-large\" style=\"float:left\"><div class=\"counts mashsbcount\">0<\/div><span class=\"mashsb-sharetext\">SHARES<\/span><\/div><div class=\"mashsb-buttons\"><a class=\"mashicon-facebook mash-large mash-center mashsb-noshadow\" href=\"https:\/\/www.facebook.com\/sharer.php?u=https%3A%2F%2Fwww.zunoticia.com%2Fnoticias-de-hidalgo%2F2025%2F04%2F10%2Fes-loable-recordar-a-personajes-como-emiliano-zapata-fayad-torres%2F\" target=\"_top\" rel=\"nofollow\"><span class=\"icon\"><\/span><span class=\"text\">Share<\/span><\/a><a class=\"mashicon-twitter mash-large mash-center mashsb-noshadow\" href=\"https:\/\/twitter.com\/intent\/tweet?text=&amp;url=https:\/\/www.zunoticia.com\/noticias-de-hidalgo\/2025\/04\/10\/es-loable-recordar-a-personajes-como-emiliano-zapata-fayad-torres\/\" target=\"_top\" rel=\"nofollow\"><span class=\"icon\"><\/span><span class=\"text\">Tweet<\/span><\/a><div class=\"onoffswitch2 mash-large mashsb-noshadow\" style=\"display:none\"><\/div><\/div>\n            <\/div>\n                <div style=\"clear:both\"><\/div><div class=\"mashsb-toggle-container\"><\/div><\/aside>\n            <!-- Share buttons by mashshare.net - Version: 4.0.47-->\n<p><em>Por Salvador Altamirano\/Zunoticia<\/em><\/p>\n\n\n\n<p><strong>Huejutla, Hgo<\/strong>.- Entrevistado en torno a la conmemoraci\u00f3n del 106 aniversario luctuoso del General Emiliano Zapata Salazar, quien fue asesinado el 10 de abril de 1919 en la Hacienda de Chinameca, Estado de Morelos, el secretario general Municipal, Jos\u00e9 Luis Fayad Torres, enfatiz\u00f3 que es loable recordar a este tipo de personajes.<\/p>\n\n\n\n<p>Subray\u00f3 que, por tal motivo, este jueves, a las 08:00 horas, se llev\u00f3 a cabo un acto c\u00edvico en la plaza de la Revoluci\u00f3n Mexicana, en donde se iz\u00f3 el L\u00e1baro Patrio a media asta, en se\u00f1al de duelo.<\/p>\n\n\n\n<p>Agreg\u00f3 que, posteriormente, la comitiva municipal se traslad\u00f3 al parque de la colonia Nueva Tenochtitlan, en donde hay un monumento en su honor, para colocar una ofrenda floral y montar guardias de honor.<\/p>\n\n\n\n<p>A pregunta expresa, rememor\u00f3 que, Emiliano Zapata desde peque\u00f1o enarbolaba ideales agrarias, ya que en una ocasi\u00f3n le prometi\u00f3 a su padre que cuando creciera recuperar\u00eda las tierras de las que hab\u00edan sido despojados los campesinos por los terratenientes, pues dec\u00eda que, &#8220;la tierra es de quien la trabaja&#8221;.<\/p>\n\n\n\n<p>Para finalizar, Fayad Torres record\u00f3 que, en la regi\u00f3n de la huasteca hidalguense las ra\u00edces del agrarismo se profundizaron, en 1970, seg\u00fan tengo entendido, ya que todav\u00eda no nac\u00eda -dijo-, hubo un movimiento que se recuerda como las Invasiones, consistente en expropiaciones de tierra, del cual fue v\u00edctima mi familia.<\/p>\n","protected":false},"excerpt":{"rendered":"<p>Por Salvador Altamirano\/Zunoticia Huejutla, Hgo.- Entrevistado en torno a la conmemoraci\u00f3n del 106 aniversario luctuoso del General Emiliano Zapata Salazar, quien fue asesinado el 10 de abril de 1919 en la Hacienda de Chinameca, Estado de Morelos, el secretario general Municipal, Jos\u00e9 Luis Fayad Torres, enfatiz\u00f3 que es loable recordar a este tipo de personajes.&hellip; <a class=\"more-link\" href=\"https:\/\/www.zunoticia.com\/noticias-de-hidalgo\/2025\/04\/10\/es-loable-recordar-a-personajes-como-emiliano-zapata-fayad-torres\/\">Seguir leyendo <span class=\"screen-reader-text\">Es loable recordar a personajes como Emiliano Zapata: Fayad Torres<\/span><\/a><\/p>\n","protected":false},"author":20,"featured_media":589073,"comment_status":"open","ping_status":"open","sticky":false,"template":"","format":"standard","meta":{"rop_custom_images_group":[],"rop_custom_messages_group":[],"rop_publish_now":"initial","rop_publish_now_accounts":{"facebook_10159540855086992_322828327761733":""},"rop_publish_now_history":[],"rop_publish_now_status":"pending","footnotes":""},"categories":[181],"tags":[121],"class_list":["post-589072","post","type-post","status-publish","format-standard","has-post-thumbnail","hentry","category-huejutla","tag-huejutla","entry"],"_links":{"self":[{"href":"https:\/\/www.zunoticia.com\/noticias-de-hidalgo\/wp-json\/wp\/v2\/posts\/589072","targetHints":{"allow":["GET"]}}],"collection":[{"href":"https:\/\/www.zunoticia.com\/noticias-de-hidalgo\/wp-json\/wp\/v2\/posts"}],"about":[{"href":"https:\/\/www.zunoticia.com\/noticias-de-hidalgo\/wp-json\/wp\/v2\/types\/post"}],"author":[{"embeddable":true,"href":"https:\/\/www.zunoticia.com\/noticias-de-hidalgo\/wp-json\/wp\/v2\/users\/20"}],"replies":[{"embeddable":true,"href":"https:\/\/www.zunoticia.com\/noticias-de-hidalgo\/wp-json\/wp\/v2\/comments?post=589072"}],"version-history":[{"count":2,"href":"https:\/\/www.zunoticia.com\/noticias-de-hidalgo\/wp-json\/wp\/v2\/posts\/589072\/revisions"}],"predecessor-version":[{"id":589075,"href":"https:\/\/www.zunoticia.com\/noticias-de-hidalgo\/wp-json\/wp\/v2\/posts\/589072\/revisions\/589075"}],"wp:featuredmedia":[{"embeddable":true,"href":"https:\/\/www.zunoticia.com\/noticias-de-hidalgo\/wp-json\/wp\/v2\/media\/589073"}],"wp:attachment":[{"href":"https:\/\/www.zunoticia.com\/noticias-de-hidalgo\/wp-json\/wp\/v2\/media?parent=589072"}],"wp:term":[{"taxonomy":"category","embeddable":true,"href":"https:\/\/www.zunoticia.com\/noticias-de-hidalgo\/wp-json\/wp\/v2\/categories?post=589072"},{"taxonomy":"post_tag","embeddable":true,"href":"https:\/\/www.zunoticia.com\/noticias-de-hidalgo\/wp-json\/wp\/v2\/tags?post=589072"}],"curies":[{"name":"wp","href":"https:\/\/api.w.org\/{rel}","templated":true}]}}