{"id":589080,"date":"2025-04-10T15:08:00","date_gmt":"2025-04-10T21:08:00","guid":{"rendered":"https:\/\/www.zunoticia.com\/noticias-de-hidalgo\/?p=589080"},"modified":"2025-04-10T15:08:02","modified_gmt":"2025-04-10T21:08:02","slug":"conmemoraron-el-dia-mundial-de-la-enfermedad-de-chagas-y-dia-mundial-del-paludismo","status":"publish","type":"post","link":"https:\/\/www.zunoticia.com\/noticias-de-hidalgo\/2025\/04\/10\/conmemoraron-el-dia-mundial-de-la-enfermedad-de-chagas-y-dia-mundial-del-paludismo\/","title":{"rendered":"Conmemoraron el &#8220;D\u00eda Mundial de la Enfermedad de Chagas y D\u00eda Mundial del Paludismo&#8221;"},"content":{"rendered":"<aside class=\"mashsb-container mashsb-main mashsb-stretched\"><div class=\"mashsb-box\"><div class=\"mashsb-count mash-large\" style=\"float:left\"><div class=\"counts mashsbcount\">0<\/div><span class=\"mashsb-sharetext\">SHARES<\/span><\/div><div class=\"mashsb-buttons\"><a class=\"mashicon-facebook mash-large mash-center mashsb-noshadow\" href=\"https:\/\/www.facebook.com\/sharer.php?u=https%3A%2F%2Fwww.zunoticia.com%2Fnoticias-de-hidalgo%2F2025%2F04%2F10%2Fconmemoraron-el-dia-mundial-de-la-enfermedad-de-chagas-y-dia-mundial-del-paludismo%2F\" target=\"_top\" rel=\"nofollow\"><span class=\"icon\"><\/span><span class=\"text\">Share<\/span><\/a><a class=\"mashicon-twitter mash-large mash-center mashsb-noshadow\" href=\"https:\/\/twitter.com\/intent\/tweet?text=&amp;url=https:\/\/www.zunoticia.com\/noticias-de-hidalgo\/2025\/04\/10\/conmemoraron-el-dia-mundial-de-la-enfermedad-de-chagas-y-dia-mundial-del-paludismo\/\" target=\"_top\" rel=\"nofollow\"><span class=\"icon\"><\/span><span class=\"text\">Tweet<\/span><\/a><div class=\"onoffswitch2 mash-large mashsb-noshadow\" style=\"display:none\"><\/div><\/div>\n            <\/div>\n                <div style=\"clear:both\"><\/div><div class=\"mashsb-toggle-container\"><\/div><\/aside>\n            <!-- Share buttons by mashshare.net - Version: 4.0.47-->\n<p><em>Por Gabriela Hern\u00e1ndez\/Zunoticia<\/em><\/p>\n\n\n\n<p><strong>Huejutla, Hgo<\/strong>. &#8211; Este jueves personal de la Unidad de Salud IMSS Bienestar de la colonia Parque de Poblamiento y del \u00e1rea de Vectores de la Jurisdicci\u00f3n Sanitaria IV Huejutla de Reyes, Hgo., llev\u00f3 a cabo actividades con motivo de la conmemoraci\u00f3n del &#8220;D\u00eda Mundial de la Enfermedad de Chagas y D\u00eda Mundial del Paludismo&#8221;, en las instalaciones del ITH.<\/p>\n\n\n\n<p>Dicha conferencia consisti\u00f3 en brindar una Conferencia &#8211; taller con los alumnos de la carrera de la Licenciatura en Biolog\u00eda, informando y exponiendo mediante microscopios, as\u00ed mismo, se realiz\u00f3 la b\u00fasqueda de criaderos de mosquitos en las Instalaciones de la Instituci\u00f3n por el mismo grupo de alumnos.<\/p>\n\n\n\n<p>La enfermedad de Chagas se transmite principalmente a trav\u00e9s de la picadura de insectos triatominos infectados, tambi\u00e9n conocidos como chinches, besuconas, que suelen habitar en grietas, huecos de paredes y tejados de casas.<\/p>\n\n\n\n<figure class=\"wp-block-gallery has-nested-images columns-default is-cropped wp-block-gallery-1 is-layout-flex wp-block-gallery-is-layout-flex\">\n<figure class=\"wp-block-image size-large\"><img fetchpriority=\"high\" decoding=\"async\" width=\"933\" height=\"524\" data-id=\"589082\" src=\"https:\/\/www.zunoticia.com\/noticias-de-hidalgo\/wp-content\/uploads\/2025\/04\/Zunoticia-Huejutla-2-39.png\" alt=\"\" class=\"wp-image-589082\"\/><\/figure>\n\n\n\n<figure class=\"wp-block-image size-large\"><img decoding=\"async\" width=\"933\" height=\"524\" data-id=\"589083\" src=\"https:\/\/www.zunoticia.com\/noticias-de-hidalgo\/wp-content\/uploads\/2025\/04\/Zunoticia-Huejutla-1-86.png\" alt=\"\" class=\"wp-image-589083\"\/><\/figure>\n<\/figure>\n\n\n\n<p>&nbsp;Por otro lado, el paludismo es una enfermedad causada por cuatro especies de par\u00e1sitos del g\u00e9nero Plasmodium: P. vivax; P. falciparum; P. ovale y P. malarie, que son trasmitidos al hombre a trav\u00e9s de la picadura de las hembras de mosquitos del g\u00e9nero Anopheles infectadas. En M\u00e9xico la especie de par\u00e1sito end\u00e9mica es P. vivax.<\/p>\n\n\n\n<p>Finalmente, dentro del cronograma de actividades se fortaleci\u00f3 la estrategia para la prevenci\u00f3n de Dengue en beneficio de la poblaci\u00f3n estudiantil y del personal en general.<\/p>\n","protected":false},"excerpt":{"rendered":"<p>Por Gabriela Hern\u00e1ndez\/Zunoticia Huejutla, Hgo. &#8211; Este jueves personal de la Unidad de Salud IMSS Bienestar de la colonia Parque de Poblamiento y del \u00e1rea de Vectores de la Jurisdicci\u00f3n Sanitaria IV Huejutla de Reyes, Hgo., llev\u00f3 a cabo actividades con motivo de la conmemoraci\u00f3n del &#8220;D\u00eda Mundial de la Enfermedad de Chagas y D\u00eda&hellip; <a class=\"more-link\" href=\"https:\/\/www.zunoticia.com\/noticias-de-hidalgo\/2025\/04\/10\/conmemoraron-el-dia-mundial-de-la-enfermedad-de-chagas-y-dia-mundial-del-paludismo\/\">Seguir leyendo <span class=\"screen-reader-text\">Conmemoraron el &#8220;D\u00eda Mundial de la Enfermedad de Chagas y D\u00eda Mundial del Paludismo&#8221;<\/span><\/a><\/p>\n","protected":false},"author":20,"featured_media":589081,"comment_status":"open","ping_status":"open","sticky":false,"template":"","format":"standard","meta":{"rop_custom_images_group":[],"rop_custom_messages_group":[],"rop_publish_now":"initial","rop_publish_now_accounts":{"facebook_10159540855086992_322828327761733":""},"rop_publish_now_history":[],"rop_publish_now_status":"pending","footnotes":""},"categories":[181],"tags":[121],"class_list":["post-589080","post","type-post","status-publish","format-standard","has-post-thumbnail","hentry","category-huejutla","tag-huejutla","entry"],"_links":{"self":[{"href":"https:\/\/www.zunoticia.com\/noticias-de-hidalgo\/wp-json\/wp\/v2\/posts\/589080","targetHints":{"allow":["GET"]}}],"collection":[{"href":"https:\/\/www.zunoticia.com\/noticias-de-hidalgo\/wp-json\/wp\/v2\/posts"}],"about":[{"href":"https:\/\/www.zunoticia.com\/noticias-de-hidalgo\/wp-json\/wp\/v2\/types\/post"}],"author":[{"embeddable":true,"href":"https:\/\/www.zunoticia.com\/noticias-de-hidalgo\/wp-json\/wp\/v2\/users\/20"}],"replies":[{"embeddable":true,"href":"https:\/\/www.zunoticia.com\/noticias-de-hidalgo\/wp-json\/wp\/v2\/comments?post=589080"}],"version-history":[{"count":1,"href":"https:\/\/www.zunoticia.com\/noticias-de-hidalgo\/wp-json\/wp\/v2\/posts\/589080\/revisions"}],"predecessor-version":[{"id":589084,"href":"https:\/\/www.zunoticia.com\/noticias-de-hidalgo\/wp-json\/wp\/v2\/posts\/589080\/revisions\/589084"}],"wp:featuredmedia":[{"embeddable":true,"href":"https:\/\/www.zunoticia.com\/noticias-de-hidalgo\/wp-json\/wp\/v2\/media\/589081"}],"wp:attachment":[{"href":"https:\/\/www.zunoticia.com\/noticias-de-hidalgo\/wp-json\/wp\/v2\/media?parent=589080"}],"wp:term":[{"taxonomy":"category","embeddable":true,"href":"https:\/\/www.zunoticia.com\/noticias-de-hidalgo\/wp-json\/wp\/v2\/categories?post=589080"},{"taxonomy":"post_tag","embeddable":true,"href":"https:\/\/www.zunoticia.com\/noticias-de-hidalgo\/wp-json\/wp\/v2\/tags?post=589080"}],"curies":[{"name":"wp","href":"https:\/\/api.w.org\/{rel}","templated":true}]}}