{"id":589085,"date":"2025-04-10T15:50:33","date_gmt":"2025-04-10T21:50:33","guid":{"rendered":"https:\/\/www.zunoticia.com\/noticias-de-hidalgo\/?p=589085"},"modified":"2025-04-10T15:50:34","modified_gmt":"2025-04-10T21:50:34","slug":"manifestacion-en-el-juzgado-penal","status":"publish","type":"post","link":"https:\/\/www.zunoticia.com\/noticias-de-hidalgo\/2025\/04\/10\/manifestacion-en-el-juzgado-penal\/","title":{"rendered":"Manifestaci\u00f3n en el Juzgado penal"},"content":{"rendered":"<aside class=\"mashsb-container mashsb-main mashsb-stretched\"><div class=\"mashsb-box\"><div class=\"mashsb-count mash-large\" style=\"float:left\"><div class=\"counts mashsbcount\">0<\/div><span class=\"mashsb-sharetext\">SHARES<\/span><\/div><div class=\"mashsb-buttons\"><a class=\"mashicon-facebook mash-large mash-center mashsb-noshadow\" href=\"https:\/\/www.facebook.com\/sharer.php?u=https%3A%2F%2Fwww.zunoticia.com%2Fnoticias-de-hidalgo%2F2025%2F04%2F10%2Fmanifestacion-en-el-juzgado-penal%2F\" target=\"_top\" rel=\"nofollow\"><span class=\"icon\"><\/span><span class=\"text\">Share<\/span><\/a><a class=\"mashicon-twitter mash-large mash-center mashsb-noshadow\" href=\"https:\/\/twitter.com\/intent\/tweet?text=&amp;url=https:\/\/www.zunoticia.com\/noticias-de-hidalgo\/2025\/04\/10\/manifestacion-en-el-juzgado-penal\/\" target=\"_top\" rel=\"nofollow\"><span class=\"icon\"><\/span><span class=\"text\">Tweet<\/span><\/a><div class=\"onoffswitch2 mash-large mashsb-noshadow\" style=\"display:none\"><\/div><\/div>\n            <\/div>\n                <div style=\"clear:both\"><\/div><div class=\"mashsb-toggle-container\"><\/div><\/aside>\n            <!-- Share buttons by mashshare.net - Version: 4.0.47-->\n<p><em>Por Roberto Ram\u00edrez \/Zunoticia<\/em><\/p>\n\n\n\n<p><strong>Jaltoc\u00e1n, Hgo<\/strong>. &#8211; Profesores de Tlanchinol y ciudadan\u00eda en general de esa regi\u00f3n serrana, la tarde de este jueves est\u00e1n llevando una manifestaci\u00f3n a las afueras del juzgado penal, en donde se desarrolla una audiencia inicial de dos maestros a quienes se les involucra en un homicidio.<\/p>\n\n\n\n<p>Fue la tarde de este jueves cuando los familiares y seguidores de los detenidos, se concentraron en ese sitio para apoyar a los docentes Luis Antonio y Jes\u00fas N.N., en este proceso judicial que enfrentan con relaci\u00f3n al homicidio del 2 de abril.<\/p>\n\n\n\n<p>Los docentes han sido puestos ante un Juez de control, tambi\u00e9n est\u00e1n los familiares de la v\u00edctima Alfonso N.N., as\u00ed como un ministerio p\u00fablico del fuero com\u00fan, dando inici\u00f3 con este proceso judicial en donde se habr\u00e1 de vincular al proceso o no a los maestros.<\/p>\n\n\n\n<p>A las afueras se han instalado los manifestantes para recalcar su apoyo a los docentes, al se\u00f1alar que fueron detenidos injustamente y exigen al juez liberarlos.<\/p>\n","protected":false},"excerpt":{"rendered":"<p>Por Roberto Ram\u00edrez \/Zunoticia Jaltoc\u00e1n, Hgo. &#8211; Profesores de Tlanchinol y ciudadan\u00eda en general de esa regi\u00f3n serrana, la tarde de este jueves est\u00e1n llevando una manifestaci\u00f3n a las afueras del juzgado penal, en donde se desarrolla una audiencia inicial de dos maestros a quienes se les involucra en un homicidio. Fue la tarde de&hellip; <a class=\"more-link\" href=\"https:\/\/www.zunoticia.com\/noticias-de-hidalgo\/2025\/04\/10\/manifestacion-en-el-juzgado-penal\/\">Seguir leyendo <span class=\"screen-reader-text\">Manifestaci\u00f3n en el Juzgado penal<\/span><\/a><\/p>\n","protected":false},"author":20,"featured_media":589086,"comment_status":"open","ping_status":"open","sticky":false,"template":"","format":"standard","meta":{"rop_custom_images_group":[],"rop_custom_messages_group":[],"rop_publish_now":"initial","rop_publish_now_accounts":{"facebook_10159540855086992_322828327761733":""},"rop_publish_now_history":[],"rop_publish_now_status":"pending","footnotes":""},"categories":[178],"tags":[259],"class_list":["post-589085","post","type-post","status-publish","format-standard","has-post-thumbnail","hentry","category-policiaca","tag-policiaca","entry"],"_links":{"self":[{"href":"https:\/\/www.zunoticia.com\/noticias-de-hidalgo\/wp-json\/wp\/v2\/posts\/589085","targetHints":{"allow":["GET"]}}],"collection":[{"href":"https:\/\/www.zunoticia.com\/noticias-de-hidalgo\/wp-json\/wp\/v2\/posts"}],"about":[{"href":"https:\/\/www.zunoticia.com\/noticias-de-hidalgo\/wp-json\/wp\/v2\/types\/post"}],"author":[{"embeddable":true,"href":"https:\/\/www.zunoticia.com\/noticias-de-hidalgo\/wp-json\/wp\/v2\/users\/20"}],"replies":[{"embeddable":true,"href":"https:\/\/www.zunoticia.com\/noticias-de-hidalgo\/wp-json\/wp\/v2\/comments?post=589085"}],"version-history":[{"count":1,"href":"https:\/\/www.zunoticia.com\/noticias-de-hidalgo\/wp-json\/wp\/v2\/posts\/589085\/revisions"}],"predecessor-version":[{"id":589087,"href":"https:\/\/www.zunoticia.com\/noticias-de-hidalgo\/wp-json\/wp\/v2\/posts\/589085\/revisions\/589087"}],"wp:featuredmedia":[{"embeddable":true,"href":"https:\/\/www.zunoticia.com\/noticias-de-hidalgo\/wp-json\/wp\/v2\/media\/589086"}],"wp:attachment":[{"href":"https:\/\/www.zunoticia.com\/noticias-de-hidalgo\/wp-json\/wp\/v2\/media?parent=589085"}],"wp:term":[{"taxonomy":"category","embeddable":true,"href":"https:\/\/www.zunoticia.com\/noticias-de-hidalgo\/wp-json\/wp\/v2\/categories?post=589085"},{"taxonomy":"post_tag","embeddable":true,"href":"https:\/\/www.zunoticia.com\/noticias-de-hidalgo\/wp-json\/wp\/v2\/tags?post=589085"}],"curies":[{"name":"wp","href":"https:\/\/api.w.org\/{rel}","templated":true}]}}