{"id":589112,"date":"2025-04-10T18:16:12","date_gmt":"2025-04-11T00:16:12","guid":{"rendered":"https:\/\/www.zunoticia.com\/noticias-de-hidalgo\/?p=589112"},"modified":"2025-04-10T18:16:14","modified_gmt":"2025-04-11T00:16:14","slug":"abraham-mendoza-brinda-seguimiento-puntual-a-programas-sociales-en-huejutla","status":"publish","type":"post","link":"https:\/\/www.zunoticia.com\/noticias-de-hidalgo\/2025\/04\/10\/abraham-mendoza-brinda-seguimiento-puntual-a-programas-sociales-en-huejutla\/","title":{"rendered":"Abraham Mendoza brinda seguimiento puntual a programas sociales en Huejutla"},"content":{"rendered":"<aside class=\"mashsb-container mashsb-main mashsb-stretched\"><div class=\"mashsb-box\"><div class=\"mashsb-count mash-large\" style=\"float:left\"><div class=\"counts mashsbcount\">28<\/div><span class=\"mashsb-sharetext\">SHARES<\/span><\/div><div class=\"mashsb-buttons\"><a class=\"mashicon-facebook mash-large mash-center mashsb-noshadow\" href=\"https:\/\/www.facebook.com\/sharer.php?u=https%3A%2F%2Fwww.zunoticia.com%2Fnoticias-de-hidalgo%2F2025%2F04%2F10%2Fabraham-mendoza-brinda-seguimiento-puntual-a-programas-sociales-en-huejutla%2F\" target=\"_top\" rel=\"nofollow\"><span class=\"icon\"><\/span><span class=\"text\">Share<\/span><\/a><a class=\"mashicon-twitter mash-large mash-center mashsb-noshadow\" href=\"https:\/\/twitter.com\/intent\/tweet?text=&amp;url=https:\/\/www.zunoticia.com\/noticias-de-hidalgo\/2025\/04\/10\/abraham-mendoza-brinda-seguimiento-puntual-a-programas-sociales-en-huejutla\/\" target=\"_top\" rel=\"nofollow\"><span class=\"icon\"><\/span><span class=\"text\">Tweet<\/span><\/a><div class=\"onoffswitch2 mash-large mashsb-noshadow\" style=\"display:none\"><\/div><\/div>\n            <\/div>\n                <div style=\"clear:both\"><\/div><div class=\"mashsb-toggle-container\"><\/div><\/aside>\n            <!-- Share buttons by mashshare.net - Version: 4.0.47-->\n<p><em>Por Enedino Hern\u00e1ndez Alonso\/Zunoticia<\/em><\/p>\n\n\n\n<p><strong>Huejutla, Hgo <\/strong>.- El delegado federal de Programas sociales para el Desarrollo en el Estado de Hidalgo, Abraham Mendoza Centeno, estuvo en Huejutla, particip\u00f3 en una reuni\u00f3n comunitaria en Lemontitla, posteriormente estuvo en el CECyTEH y brind\u00f3 seguimiento puntual a los diversos programas y dem\u00e1s actividades que se realizan.<\/p>\n\n\n\n<p>En entrevista, dijo \u201cen estos d\u00edas se hace entrega de las Tarjetas de la Beca Universal para el Bienestar de Educaci\u00f3n Media Superior Benito Ju\u00e1rez, a los alumnos quienes est\u00e1n en el primer grado o segundo semestre que se ten\u00eda pendiente entregarles la tarjeta, por lo que estuvimos en el CECyTEH Huejutla dando acompa\u00f1amiento a esta actividad\u201d.<\/p>\n\n\n\n<p>Expuso que, por la ma\u00f1ana estuvo en la comunidad de Lemontitla, en donde se instal\u00f3 el Comit\u00e9 de Administraci\u00f3n y Vigilancia para que lleven a cabo la administraci\u00f3n del presupuesto que se entregar\u00e1 por primera vez y de manera directa a los pueblos y comunidades ind\u00edgenas.<\/p>\n\n\n\n<p>Dijo que, todo esto es derivado de una modificaci\u00f3n que se hizo al Art\u00edculo Segundo de la Constituci\u00f3n en donde a los pueblos y comunidades ind\u00edgenas les reconocen derechos plenos, con personalidad jur\u00eddica y patrimonio propio.<\/p>\n\n\n\n<figure class=\"wp-block-image size-full\"><img fetchpriority=\"high\" decoding=\"async\" width=\"933\" height=\"524\" src=\"https:\/\/www.zunoticia.com\/noticias-de-hidalgo\/wp-content\/uploads\/2025\/04\/Zunoticia-Huejutla-1-88.png\" alt=\"\" class=\"wp-image-589114\"\/><\/figure>\n\n\n\n<p>Por otro lado, detall\u00f3 que, la presidenta de M\u00e9xico Claudia Sheinbaum Pardo, dispuso que del presupuesto de egresos de la federaci\u00f3n se destinara un 10% de este Fondo de Aportaciones para la Infraestructura Social (FAIS) que se entrega a estados y municipios, ahora el 10% va destinado de manera directa a los pueblos y comunidades ind\u00edgenas; en Hidalgo ser\u00e1n beneficiadas m\u00e1s de 1,400 comunidades y pueblos ind\u00edgenas de la Huasteca, Sierra Alta, Sierra Gorda, Valle del Mezquital, Sierra Otom\u00ed-Tepehua.<\/p>\n\n\n\n<p>Detall\u00f3 que, las reuniones iniciaron el mi\u00e9rcoles 9 de abril y se llevar\u00e1n a cabo durante todo el mes y parte de mayo, una vez integrados los Comit\u00e9s de Administraci\u00f3n y Vigilancia, ya con la documentaci\u00f3n especifica del Comit\u00e9 se les genera una Tarjeta del Banco Bienestar a nombre de la comunidad.<\/p>\n\n\n\n<figure class=\"wp-block-image size-full\"><img decoding=\"async\" width=\"933\" height=\"524\" src=\"https:\/\/www.zunoticia.com\/noticias-de-hidalgo\/wp-content\/uploads\/2025\/04\/Zunoticia-Huejutla-2-41.png\" alt=\"\" class=\"wp-image-589115\"\/><\/figure>\n\n\n\n<p>Dijo que, en las asambleas que se hacen en las comunidades, la autoridad comunitaria, el INPI y Bienestar, definen mediante un diagn\u00f3stico las necesidades que se tienen, definiendo las prioritarias, luego se desarrolla un plan de trabajo a realizarse desde estos momentos y hasta noviembre, ya que el presupuesto tiene que ser ejecutado en este 2025.<\/p>\n\n\n\n<p>Abraham Mendoza Centeno, concluy\u00f3 que, lo bueno de todo, es que cada a\u00f1o a partir de este reconocimiento de los pueblos y comunidades ind\u00edgenas, y dependiendo de c\u00f3mo vayan las reglas de operaci\u00f3n y lineamientos, les estar\u00e1 llegando a\u00f1o con a\u00f1o el apoyo, por lo que seguramente el Fondo ser\u00e1 utilizado de manera adecuada para lo que ha sido creado, que es esencialmente combatir la pobreza.<\/p>\n","protected":false},"excerpt":{"rendered":"<p>Por Enedino Hern\u00e1ndez Alonso\/Zunoticia Huejutla, Hgo .- El delegado federal de Programas sociales para el Desarrollo en el Estado de Hidalgo, Abraham Mendoza Centeno, estuvo en Huejutla, particip\u00f3 en una reuni\u00f3n comunitaria en Lemontitla, posteriormente estuvo en el CECyTEH y brind\u00f3 seguimiento puntual a los diversos programas y dem\u00e1s actividades que se realizan. En entrevista,&hellip; <a class=\"more-link\" href=\"https:\/\/www.zunoticia.com\/noticias-de-hidalgo\/2025\/04\/10\/abraham-mendoza-brinda-seguimiento-puntual-a-programas-sociales-en-huejutla\/\">Seguir leyendo <span class=\"screen-reader-text\">Abraham Mendoza brinda seguimiento puntual a programas sociales en Huejutla<\/span><\/a><\/p>\n","protected":false},"author":20,"featured_media":589113,"comment_status":"open","ping_status":"open","sticky":false,"template":"","format":"standard","meta":{"rop_custom_images_group":[],"rop_custom_messages_group":[],"rop_publish_now":"initial","rop_publish_now_accounts":{"facebook_10159540855086992_322828327761733":""},"rop_publish_now_history":[],"rop_publish_now_status":"pending","footnotes":""},"categories":[181],"tags":[121],"class_list":["post-589112","post","type-post","status-publish","format-standard","has-post-thumbnail","hentry","category-huejutla","tag-huejutla","entry"],"_links":{"self":[{"href":"https:\/\/www.zunoticia.com\/noticias-de-hidalgo\/wp-json\/wp\/v2\/posts\/589112","targetHints":{"allow":["GET"]}}],"collection":[{"href":"https:\/\/www.zunoticia.com\/noticias-de-hidalgo\/wp-json\/wp\/v2\/posts"}],"about":[{"href":"https:\/\/www.zunoticia.com\/noticias-de-hidalgo\/wp-json\/wp\/v2\/types\/post"}],"author":[{"embeddable":true,"href":"https:\/\/www.zunoticia.com\/noticias-de-hidalgo\/wp-json\/wp\/v2\/users\/20"}],"replies":[{"embeddable":true,"href":"https:\/\/www.zunoticia.com\/noticias-de-hidalgo\/wp-json\/wp\/v2\/comments?post=589112"}],"version-history":[{"count":1,"href":"https:\/\/www.zunoticia.com\/noticias-de-hidalgo\/wp-json\/wp\/v2\/posts\/589112\/revisions"}],"predecessor-version":[{"id":589116,"href":"https:\/\/www.zunoticia.com\/noticias-de-hidalgo\/wp-json\/wp\/v2\/posts\/589112\/revisions\/589116"}],"wp:featuredmedia":[{"embeddable":true,"href":"https:\/\/www.zunoticia.com\/noticias-de-hidalgo\/wp-json\/wp\/v2\/media\/589113"}],"wp:attachment":[{"href":"https:\/\/www.zunoticia.com\/noticias-de-hidalgo\/wp-json\/wp\/v2\/media?parent=589112"}],"wp:term":[{"taxonomy":"category","embeddable":true,"href":"https:\/\/www.zunoticia.com\/noticias-de-hidalgo\/wp-json\/wp\/v2\/categories?post=589112"},{"taxonomy":"post_tag","embeddable":true,"href":"https:\/\/www.zunoticia.com\/noticias-de-hidalgo\/wp-json\/wp\/v2\/tags?post=589112"}],"curies":[{"name":"wp","href":"https:\/\/api.w.org\/{rel}","templated":true}]}}