{"id":589117,"date":"2025-04-10T18:27:44","date_gmt":"2025-04-11T00:27:44","guid":{"rendered":"https:\/\/www.zunoticia.com\/noticias-de-hidalgo\/?p=589117"},"modified":"2025-04-10T18:27:46","modified_gmt":"2025-04-11T00:27:46","slug":"solicitan-acomodamiento-de-tejas-en-los-portales-del-centro-historico","status":"publish","type":"post","link":"https:\/\/www.zunoticia.com\/noticias-de-hidalgo\/2025\/04\/10\/solicitan-acomodamiento-de-tejas-en-los-portales-del-centro-historico\/","title":{"rendered":"Solicitan acomodamiento de tejas en los portales del Centro Hist\u00f3rico"},"content":{"rendered":"<aside class=\"mashsb-container mashsb-main mashsb-stretched\"><div class=\"mashsb-box\"><div class=\"mashsb-count mash-large\" style=\"float:left\"><div class=\"counts mashsbcount\">0<\/div><span class=\"mashsb-sharetext\">SHARES<\/span><\/div><div class=\"mashsb-buttons\"><a class=\"mashicon-facebook mash-large mash-center mashsb-noshadow\" href=\"https:\/\/www.facebook.com\/sharer.php?u=https%3A%2F%2Fwww.zunoticia.com%2Fnoticias-de-hidalgo%2F2025%2F04%2F10%2Fsolicitan-acomodamiento-de-tejas-en-los-portales-del-centro-historico%2F\" target=\"_top\" rel=\"nofollow\"><span class=\"icon\"><\/span><span class=\"text\">Share<\/span><\/a><a class=\"mashicon-twitter mash-large mash-center mashsb-noshadow\" href=\"https:\/\/twitter.com\/intent\/tweet?text=&amp;url=https:\/\/www.zunoticia.com\/noticias-de-hidalgo\/2025\/04\/10\/solicitan-acomodamiento-de-tejas-en-los-portales-del-centro-historico\/\" target=\"_top\" rel=\"nofollow\"><span class=\"icon\"><\/span><span class=\"text\">Tweet<\/span><\/a><div class=\"onoffswitch2 mash-large mashsb-noshadow\" style=\"display:none\"><\/div><\/div>\n            <\/div>\n                <div style=\"clear:both\"><\/div><div class=\"mashsb-toggle-container\"><\/div><\/aside>\n            <!-- Share buttons by mashshare.net - Version: 4.0.47-->\n<p><em>Por Salvador Altamirano\/Zunoticia<\/em><\/p>\n\n\n\n<p><strong>Huejutla, Hgo.-<\/strong> Habitantes de la cabecera, solicitan a quien corresponda, municipio o propietarios de viviendas, que lleven a cabo un reacomodo de tejas en los portales, ya que algunas amenazan con caer.<\/p>\n\n\n\n<p>Advirtieron que, hay muchas que podr\u00edan desprenderse en cualquier momento y por lo pesado de las mismas, si por desgracia caen sobre la cabeza de alguna persona, podr\u00edan causarles graves da\u00f1os irreversibles.<\/p>\n\n\n\n<p>Agregaron que, por tal motivo, es necesario que se coloquen de manera adecuada en sus sitios, aunque lo m\u00e1s propio, por prevenci\u00f3n y est\u00e9tica, ser\u00eda que se rehabilitaran los tramos da\u00f1ados.<\/p>\n\n\n\n<p>Quien responde al nombre de Jacinto P\u00e9rez Bautista, coment\u00f3 que, la remodelaci\u00f3n del Centro Hist\u00f3rico se llev\u00f3 a cabo con millonaria inversi\u00f3n con prop\u00f3sitos tur\u00edsticos, pero no se aprovech\u00f3 la intenci\u00f3n gubernamental.<\/p>\n\n\n\n<p>Para finalizar, rememor\u00f3 que, los portales que fueron el factor preponderante de la remodelaci\u00f3n, se construyeron con el recuerdo de los que antes hab\u00eda en el centro de la antigua Villa de Huejutla, los cuales por albergar a viajeros, ya que no hab\u00edan hoteles, fueron legendarios en la regi\u00f3n.<\/p>\n\n\n\n<figure class=\"wp-block-image size-full\"><img fetchpriority=\"high\" decoding=\"async\" width=\"933\" height=\"524\" src=\"https:\/\/www.zunoticia.com\/noticias-de-hidalgo\/wp-content\/uploads\/2025\/04\/Zunoticia-Huejutla-1-89.png\" alt=\"\" class=\"wp-image-589119\"\/><\/figure>\n","protected":false},"excerpt":{"rendered":"<p>Por Salvador Altamirano\/Zunoticia Huejutla, Hgo.- Habitantes de la cabecera, solicitan a quien corresponda, municipio o propietarios de viviendas, que lleven a cabo un reacomodo de tejas en los portales, ya que algunas amenazan con caer. Advirtieron que, hay muchas que podr\u00edan desprenderse en cualquier momento y por lo pesado de las mismas, si por desgracia&hellip; <a class=\"more-link\" href=\"https:\/\/www.zunoticia.com\/noticias-de-hidalgo\/2025\/04\/10\/solicitan-acomodamiento-de-tejas-en-los-portales-del-centro-historico\/\">Seguir leyendo <span class=\"screen-reader-text\">Solicitan acomodamiento de tejas en los portales del Centro Hist\u00f3rico<\/span><\/a><\/p>\n","protected":false},"author":20,"featured_media":589118,"comment_status":"open","ping_status":"open","sticky":false,"template":"","format":"standard","meta":{"rop_custom_images_group":[],"rop_custom_messages_group":[],"rop_publish_now":"initial","rop_publish_now_accounts":{"facebook_10159540855086992_322828327761733":""},"rop_publish_now_history":[],"rop_publish_now_status":"pending","footnotes":""},"categories":[181],"tags":[121],"class_list":["post-589117","post","type-post","status-publish","format-standard","has-post-thumbnail","hentry","category-huejutla","tag-huejutla","entry"],"_links":{"self":[{"href":"https:\/\/www.zunoticia.com\/noticias-de-hidalgo\/wp-json\/wp\/v2\/posts\/589117","targetHints":{"allow":["GET"]}}],"collection":[{"href":"https:\/\/www.zunoticia.com\/noticias-de-hidalgo\/wp-json\/wp\/v2\/posts"}],"about":[{"href":"https:\/\/www.zunoticia.com\/noticias-de-hidalgo\/wp-json\/wp\/v2\/types\/post"}],"author":[{"embeddable":true,"href":"https:\/\/www.zunoticia.com\/noticias-de-hidalgo\/wp-json\/wp\/v2\/users\/20"}],"replies":[{"embeddable":true,"href":"https:\/\/www.zunoticia.com\/noticias-de-hidalgo\/wp-json\/wp\/v2\/comments?post=589117"}],"version-history":[{"count":1,"href":"https:\/\/www.zunoticia.com\/noticias-de-hidalgo\/wp-json\/wp\/v2\/posts\/589117\/revisions"}],"predecessor-version":[{"id":589120,"href":"https:\/\/www.zunoticia.com\/noticias-de-hidalgo\/wp-json\/wp\/v2\/posts\/589117\/revisions\/589120"}],"wp:featuredmedia":[{"embeddable":true,"href":"https:\/\/www.zunoticia.com\/noticias-de-hidalgo\/wp-json\/wp\/v2\/media\/589118"}],"wp:attachment":[{"href":"https:\/\/www.zunoticia.com\/noticias-de-hidalgo\/wp-json\/wp\/v2\/media?parent=589117"}],"wp:term":[{"taxonomy":"category","embeddable":true,"href":"https:\/\/www.zunoticia.com\/noticias-de-hidalgo\/wp-json\/wp\/v2\/categories?post=589117"},{"taxonomy":"post_tag","embeddable":true,"href":"https:\/\/www.zunoticia.com\/noticias-de-hidalgo\/wp-json\/wp\/v2\/tags?post=589117"}],"curies":[{"name":"wp","href":"https:\/\/api.w.org\/{rel}","templated":true}]}}