{"id":589136,"date":"2025-04-10T21:48:22","date_gmt":"2025-04-11T03:48:22","guid":{"rendered":"https:\/\/www.zunoticia.com\/noticias-de-hidalgo\/?p=589136"},"modified":"2025-04-10T21:52:15","modified_gmt":"2025-04-11T03:52:15","slug":"san-agustin-metzquititlan-fue-sede-de-las-jornadas-por-la-paz-y-bienestar-del-pueblo","status":"publish","type":"post","link":"https:\/\/www.zunoticia.com\/noticias-de-hidalgo\/2025\/04\/10\/san-agustin-metzquititlan-fue-sede-de-las-jornadas-por-la-paz-y-bienestar-del-pueblo\/","title":{"rendered":"San Agust\u00edn Metzquititl\u00e1n fue sede de las Jornadas por la Paz y Bienestar del Pueblo"},"content":{"rendered":"<aside class=\"mashsb-container mashsb-main mashsb-stretched\"><div class=\"mashsb-box\"><div class=\"mashsb-count mash-large\" style=\"float:left\"><div class=\"counts mashsbcount\">0<\/div><span class=\"mashsb-sharetext\">SHARES<\/span><\/div><div class=\"mashsb-buttons\"><a class=\"mashicon-facebook mash-large mash-center mashsb-noshadow\" href=\"https:\/\/www.facebook.com\/sharer.php?u=https%3A%2F%2Fwww.zunoticia.com%2Fnoticias-de-hidalgo%2F2025%2F04%2F10%2Fsan-agustin-metzquititlan-fue-sede-de-las-jornadas-por-la-paz-y-bienestar-del-pueblo%2F\" target=\"_top\" rel=\"nofollow\"><span class=\"icon\"><\/span><span class=\"text\">Share<\/span><\/a><a class=\"mashicon-twitter mash-large mash-center mashsb-noshadow\" href=\"https:\/\/twitter.com\/intent\/tweet?text=&amp;url=https:\/\/www.zunoticia.com\/noticias-de-hidalgo\/2025\/04\/10\/san-agustin-metzquititlan-fue-sede-de-las-jornadas-por-la-paz-y-bienestar-del-pueblo\/\" target=\"_top\" rel=\"nofollow\"><span class=\"icon\"><\/span><span class=\"text\">Tweet<\/span><\/a><div class=\"onoffswitch2 mash-large mashsb-noshadow\" style=\"display:none\"><\/div><\/div>\n            <\/div>\n                <div style=\"clear:both\"><\/div><div class=\"mashsb-toggle-container\"><\/div><\/aside>\n            <!-- Share buttons by mashshare.net - Version: 4.0.47-->\n<ul class=\"wp-block-list\">\n<li>Mujeres de la regi\u00f3n expresaron sus inquietudes ante las autoridades de los tres niveles de gobierno.\u00a0<\/li>\n\n\n\n<li>Ya no hay diferencia, todos somos pueblo: Guillermo Olivares, secretario de Gobierno.<\/li>\n<\/ul>\n\n\n\n<p><em>Por Redacci\u00f3n\/Zunoticia<\/em><\/p>\n\n\n\n<p><strong>Pachuca de Soto, Hgo.-<\/strong> Cumpliendo con las instrucciones del Gobernador Julio Menchaca de ser un gobierno cercano, justo y presente en el territorio, a medio d\u00eda de este jueves, en la plaza principal del municipio de San Agust\u00edn Metzquititl\u00e1n, se llev\u00f3 a cabo la Jornada por la Paz y Bienestar del Pueblo, con \u00e9nfasis en la atenci\u00f3n a mujeres.&nbsp;<\/p>\n\n\n\n<figure class=\"wp-block-image size-full\"><img fetchpriority=\"high\" decoding=\"async\" width=\"1280\" height=\"853\" src=\"https:\/\/www.zunoticia.com\/noticias-de-hidalgo\/wp-content\/uploads\/2025\/04\/eZy-Watermark_10-04-2025_09-17-34-7740p.m.jpg\" alt=\"\" class=\"wp-image-589140\"\/><\/figure>\n","protected":false},"excerpt":{"rendered":"<p>Por Redacci\u00f3n\/Zunoticia Pachuca de Soto, Hgo.- Cumpliendo con las instrucciones del Gobernador Julio Menchaca de ser un gobierno cercano, justo y presente en el territorio, a medio d\u00eda de este jueves, en la plaza principal del municipio de San Agust\u00edn Metzquititl\u00e1n, se llev\u00f3 a cabo la Jornada por la Paz y Bienestar del Pueblo, con&hellip; <a class=\"more-link\" href=\"https:\/\/www.zunoticia.com\/noticias-de-hidalgo\/2025\/04\/10\/san-agustin-metzquititlan-fue-sede-de-las-jornadas-por-la-paz-y-bienestar-del-pueblo\/\">Seguir leyendo <span class=\"screen-reader-text\">San Agust\u00edn Metzquititl\u00e1n fue sede de las Jornadas por la Paz y Bienestar del Pueblo<\/span><\/a><\/p>\n","protected":false},"author":12,"featured_media":589141,"comment_status":"open","ping_status":"open","sticky":false,"template":"","format":"standard","meta":{"rop_custom_images_group":[],"rop_custom_messages_group":[],"rop_publish_now":"initial","rop_publish_now_accounts":{"facebook_10159540855086992_322828327761733":""},"rop_publish_now_history":[],"rop_publish_now_status":"pending","footnotes":""},"categories":[208],"tags":[214],"class_list":["post-589136","post","type-post","status-publish","format-standard","has-post-thumbnail","hentry","category-estado","tag-estado","entry"],"_links":{"self":[{"href":"https:\/\/www.zunoticia.com\/noticias-de-hidalgo\/wp-json\/wp\/v2\/posts\/589136","targetHints":{"allow":["GET"]}}],"collection":[{"href":"https:\/\/www.zunoticia.com\/noticias-de-hidalgo\/wp-json\/wp\/v2\/posts"}],"about":[{"href":"https:\/\/www.zunoticia.com\/noticias-de-hidalgo\/wp-json\/wp\/v2\/types\/post"}],"author":[{"embeddable":true,"href":"https:\/\/www.zunoticia.com\/noticias-de-hidalgo\/wp-json\/wp\/v2\/users\/12"}],"replies":[{"embeddable":true,"href":"https:\/\/www.zunoticia.com\/noticias-de-hidalgo\/wp-json\/wp\/v2\/comments?post=589136"}],"version-history":[{"count":2,"href":"https:\/\/www.zunoticia.com\/noticias-de-hidalgo\/wp-json\/wp\/v2\/posts\/589136\/revisions"}],"predecessor-version":[{"id":589146,"href":"https:\/\/www.zunoticia.com\/noticias-de-hidalgo\/wp-json\/wp\/v2\/posts\/589136\/revisions\/589146"}],"wp:featuredmedia":[{"embeddable":true,"href":"https:\/\/www.zunoticia.com\/noticias-de-hidalgo\/wp-json\/wp\/v2\/media\/589141"}],"wp:attachment":[{"href":"https:\/\/www.zunoticia.com\/noticias-de-hidalgo\/wp-json\/wp\/v2\/media?parent=589136"}],"wp:term":[{"taxonomy":"category","embeddable":true,"href":"https:\/\/www.zunoticia.com\/noticias-de-hidalgo\/wp-json\/wp\/v2\/categories?post=589136"},{"taxonomy":"post_tag","embeddable":true,"href":"https:\/\/www.zunoticia.com\/noticias-de-hidalgo\/wp-json\/wp\/v2\/tags?post=589136"}],"curies":[{"name":"wp","href":"https:\/\/api.w.org\/{rel}","templated":true}]}}