{"id":589143,"date":"2025-04-10T21:47:10","date_gmt":"2025-04-11T03:47:10","guid":{"rendered":"https:\/\/www.zunoticia.com\/noticias-de-hidalgo\/?p=589143"},"modified":"2025-04-10T21:47:11","modified_gmt":"2025-04-11T03:47:11","slug":"guillermo-olivares-correspondio-a-la-invitacion-del-pbro-alvaro-hernandez-cruz-para-reunion-con-margarita-cabrera","status":"publish","type":"post","link":"https:\/\/www.zunoticia.com\/noticias-de-hidalgo\/2025\/04\/10\/guillermo-olivares-correspondio-a-la-invitacion-del-pbro-alvaro-hernandez-cruz-para-reunion-con-margarita-cabrera\/","title":{"rendered":"Guillermo Olivares correspondi\u00f3 a la invitaci\u00f3n del Pbro. \u00c1lvaro Hern\u00e1ndez Cruz para reuni\u00f3n con Margarita Cabrera"},"content":{"rendered":"<aside class=\"mashsb-container mashsb-main mashsb-stretched\"><div class=\"mashsb-box\"><div class=\"mashsb-count mash-large\" style=\"float:left\"><div class=\"counts mashsbcount\">0<\/div><span class=\"mashsb-sharetext\">SHARES<\/span><\/div><div class=\"mashsb-buttons\"><a class=\"mashicon-facebook mash-large mash-center mashsb-noshadow\" href=\"https:\/\/www.facebook.com\/sharer.php?u=https%3A%2F%2Fwww.zunoticia.com%2Fnoticias-de-hidalgo%2F2025%2F04%2F10%2Fguillermo-olivares-correspondio-a-la-invitacion-del-pbro-alvaro-hernandez-cruz-para-reunion-con-margarita-cabrera%2F\" target=\"_top\" rel=\"nofollow\"><span class=\"icon\"><\/span><span class=\"text\">Share<\/span><\/a><a class=\"mashicon-twitter mash-large mash-center mashsb-noshadow\" href=\"https:\/\/twitter.com\/intent\/tweet?text=&amp;url=https:\/\/www.zunoticia.com\/noticias-de-hidalgo\/2025\/04\/10\/guillermo-olivares-correspondio-a-la-invitacion-del-pbro-alvaro-hernandez-cruz-para-reunion-con-margarita-cabrera\/\" target=\"_top\" rel=\"nofollow\"><span class=\"icon\"><\/span><span class=\"text\">Tweet<\/span><\/a><div class=\"onoffswitch2 mash-large mashsb-noshadow\" style=\"display:none\"><\/div><\/div>\n            <\/div>\n                <div style=\"clear:both\"><\/div><div class=\"mashsb-toggle-container\"><\/div><\/aside>\n            <!-- Share buttons by mashshare.net - Version: 4.0.47-->\n<p><em>Por Redacci\u00f3n\/Zunoticia<\/em><\/p>\n\n\n\n<p><strong>Pachuca de Soto, Hgo.-<\/strong> Previo a las Jornadas por la Paz y el Bienestar del Pueblo en San Agust\u00edn Metzquititl\u00e1n a mediod\u00eda, el secretario de Gobierno, Guillermo Olivares, correspondi\u00f3 a la invitaci\u00f3n del Pbro. \u00c1lvaro Hern\u00e1ndez Cruz, para llevar a cabo una reuni\u00f3n con Margarita Cabrera Rom\u00e1n, directora general de Asuntos Religiosos y de Usos y Costumbres.<\/p>\n","protected":false},"excerpt":{"rendered":"<p>Por Redacci\u00f3n\/Zunoticia Pachuca de Soto, Hgo.- Previo a las Jornadas por la Paz y el Bienestar del Pueblo en San Agust\u00edn Metzquititl\u00e1n a mediod\u00eda, el secretario de Gobierno, Guillermo Olivares, correspondi\u00f3 a la invitaci\u00f3n del Pbro. \u00c1lvaro Hern\u00e1ndez Cruz, para llevar a cabo una reuni\u00f3n con Margarita Cabrera Rom\u00e1n, directora general de Asuntos Religiosos y&hellip; <a class=\"more-link\" href=\"https:\/\/www.zunoticia.com\/noticias-de-hidalgo\/2025\/04\/10\/guillermo-olivares-correspondio-a-la-invitacion-del-pbro-alvaro-hernandez-cruz-para-reunion-con-margarita-cabrera\/\">Seguir leyendo <span class=\"screen-reader-text\">Guillermo Olivares correspondi\u00f3 a la invitaci\u00f3n del Pbro. \u00c1lvaro Hern\u00e1ndez Cruz para reuni\u00f3n con Margarita Cabrera<\/span><\/a><\/p>\n","protected":false},"author":12,"featured_media":589138,"comment_status":"open","ping_status":"open","sticky":false,"template":"","format":"standard","meta":{"rop_custom_images_group":[],"rop_custom_messages_group":[],"rop_publish_now":"initial","rop_publish_now_accounts":{"facebook_10159540855086992_322828327761733":""},"rop_publish_now_history":[],"rop_publish_now_status":"pending","footnotes":""},"categories":[208],"tags":[214],"class_list":["post-589143","post","type-post","status-publish","format-standard","has-post-thumbnail","hentry","category-estado","tag-estado","entry"],"_links":{"self":[{"href":"https:\/\/www.zunoticia.com\/noticias-de-hidalgo\/wp-json\/wp\/v2\/posts\/589143","targetHints":{"allow":["GET"]}}],"collection":[{"href":"https:\/\/www.zunoticia.com\/noticias-de-hidalgo\/wp-json\/wp\/v2\/posts"}],"about":[{"href":"https:\/\/www.zunoticia.com\/noticias-de-hidalgo\/wp-json\/wp\/v2\/types\/post"}],"author":[{"embeddable":true,"href":"https:\/\/www.zunoticia.com\/noticias-de-hidalgo\/wp-json\/wp\/v2\/users\/12"}],"replies":[{"embeddable":true,"href":"https:\/\/www.zunoticia.com\/noticias-de-hidalgo\/wp-json\/wp\/v2\/comments?post=589143"}],"version-history":[{"count":1,"href":"https:\/\/www.zunoticia.com\/noticias-de-hidalgo\/wp-json\/wp\/v2\/posts\/589143\/revisions"}],"predecessor-version":[{"id":589144,"href":"https:\/\/www.zunoticia.com\/noticias-de-hidalgo\/wp-json\/wp\/v2\/posts\/589143\/revisions\/589144"}],"wp:featuredmedia":[{"embeddable":true,"href":"https:\/\/www.zunoticia.com\/noticias-de-hidalgo\/wp-json\/wp\/v2\/media\/589138"}],"wp:attachment":[{"href":"https:\/\/www.zunoticia.com\/noticias-de-hidalgo\/wp-json\/wp\/v2\/media?parent=589143"}],"wp:term":[{"taxonomy":"category","embeddable":true,"href":"https:\/\/www.zunoticia.com\/noticias-de-hidalgo\/wp-json\/wp\/v2\/categories?post=589143"},{"taxonomy":"post_tag","embeddable":true,"href":"https:\/\/www.zunoticia.com\/noticias-de-hidalgo\/wp-json\/wp\/v2\/tags?post=589143"}],"curies":[{"name":"wp","href":"https:\/\/api.w.org\/{rel}","templated":true}]}}