{"id":589744,"date":"2025-04-16T11:06:20","date_gmt":"2025-04-16T17:06:20","guid":{"rendered":"https:\/\/www.zunoticia.com\/noticias-de-hidalgo\/?p=589744"},"modified":"2025-04-16T11:06:21","modified_gmt":"2025-04-16T17:06:21","slug":"desaparecio-un-nino","status":"publish","type":"post","link":"https:\/\/www.zunoticia.com\/noticias-de-hidalgo\/2025\/04\/16\/desaparecio-un-nino\/","title":{"rendered":"Desapareci\u00f3 un ni\u00f1o"},"content":{"rendered":"<aside class=\"mashsb-container mashsb-main mashsb-stretched\"><div class=\"mashsb-box\"><div class=\"mashsb-count mash-large\" style=\"float:left\"><div class=\"counts mashsbcount\">0<\/div><span class=\"mashsb-sharetext\">SHARES<\/span><\/div><div class=\"mashsb-buttons\"><a class=\"mashicon-facebook mash-large mash-center mashsb-noshadow\" href=\"https:\/\/www.facebook.com\/sharer.php?u=https%3A%2F%2Fwww.zunoticia.com%2Fnoticias-de-hidalgo%2F2025%2F04%2F16%2Fdesaparecio-un-nino%2F\" target=\"_top\" rel=\"nofollow\"><span class=\"icon\"><\/span><span class=\"text\">Share<\/span><\/a><a class=\"mashicon-twitter mash-large mash-center mashsb-noshadow\" href=\"https:\/\/twitter.com\/intent\/tweet?text=&amp;url=https:\/\/www.zunoticia.com\/noticias-de-hidalgo\/2025\/04\/16\/desaparecio-un-nino\/\" target=\"_top\" rel=\"nofollow\"><span class=\"icon\"><\/span><span class=\"text\">Tweet<\/span><\/a><div class=\"onoffswitch2 mash-large mashsb-noshadow\" style=\"display:none\"><\/div><\/div>\n            <\/div>\n                <div style=\"clear:both\"><\/div><div class=\"mashsb-toggle-container\"><\/div><\/aside>\n            <!-- Share buttons by mashshare.net - Version: 4.0.47-->\n<ul class=\"wp-block-list\">\n<li>No se sabe nada de su paradero desde la tarde del pasado martes<\/li>\n<\/ul>\n\n\n\n<p><em>Por Roberto Ram\u00edrez \/Zunoticia<\/em><\/p>\n\n\n\n<p><strong>Lolotla, Hgo. &#8211;<\/strong> Un ni\u00f1o desapareci\u00f3 cuando se encontraba de vacaciones en el municipio, sus familiares est\u00e1n solicitando a toda la poblaci\u00f3n para que aporten informaci\u00f3n del paradero del menor de edad que desapareci\u00f3 la tarde del pasado martes.<\/p>\n\n\n\n<p>El infante desaparecido responde al nombre de Dorian Kaleb Chiu Arroyo de 4 a\u00f1os de edad, quien misteriosamente desapareci\u00f3 en la comunidad de Huitznopala Lolotla, por lo que est\u00e1n pidiendo el apoyo para localizarlo, al mismo tiempo ya avisaron a las autoridades polic\u00edacas y ministeriales para que apoyen con la b\u00fasqueda.<\/p>\n\n\n\n<p>El menor hab\u00eda llegado a esa comunidad con sus familiares para disfrutar de las vacaciones de semana santa, cabe se\u00f1alar que es originario de Melchor Ocampo estado de M\u00e9xico. Cualquier informaci\u00f3n favor de remitir al n\u00famero 5632645281 o en la comandancia de Lolotla.<\/p>\n","protected":false},"excerpt":{"rendered":"<p>Por Roberto Ram\u00edrez \/Zunoticia Lolotla, Hgo. &#8211; Un ni\u00f1o desapareci\u00f3 cuando se encontraba de vacaciones en el municipio, sus familiares est\u00e1n solicitando a toda la poblaci\u00f3n para que aporten informaci\u00f3n del paradero del menor de edad que desapareci\u00f3 la tarde del pasado martes. El infante desaparecido responde al nombre de Dorian Kaleb Chiu Arroyo de&hellip; <a class=\"more-link\" href=\"https:\/\/www.zunoticia.com\/noticias-de-hidalgo\/2025\/04\/16\/desaparecio-un-nino\/\">Seguir leyendo <span class=\"screen-reader-text\">Desapareci\u00f3 un ni\u00f1o<\/span><\/a><\/p>\n","protected":false},"author":23,"featured_media":589745,"comment_status":"open","ping_status":"open","sticky":false,"template":"","format":"standard","meta":{"rop_custom_images_group":[],"rop_custom_messages_group":[],"rop_publish_now":"initial","rop_publish_now_accounts":{"facebook_10159540855086992_322828327761733":""},"rop_publish_now_history":[],"rop_publish_now_status":"pending","footnotes":""},"categories":[213,178,219],"tags":[259],"class_list":["post-589744","post","type-post","status-publish","format-standard","has-post-thumbnail","hentry","category-lolotla","category-policiaca","category-sierra","tag-policiaca","entry"],"_links":{"self":[{"href":"https:\/\/www.zunoticia.com\/noticias-de-hidalgo\/wp-json\/wp\/v2\/posts\/589744","targetHints":{"allow":["GET"]}}],"collection":[{"href":"https:\/\/www.zunoticia.com\/noticias-de-hidalgo\/wp-json\/wp\/v2\/posts"}],"about":[{"href":"https:\/\/www.zunoticia.com\/noticias-de-hidalgo\/wp-json\/wp\/v2\/types\/post"}],"author":[{"embeddable":true,"href":"https:\/\/www.zunoticia.com\/noticias-de-hidalgo\/wp-json\/wp\/v2\/users\/23"}],"replies":[{"embeddable":true,"href":"https:\/\/www.zunoticia.com\/noticias-de-hidalgo\/wp-json\/wp\/v2\/comments?post=589744"}],"version-history":[{"count":1,"href":"https:\/\/www.zunoticia.com\/noticias-de-hidalgo\/wp-json\/wp\/v2\/posts\/589744\/revisions"}],"predecessor-version":[{"id":589746,"href":"https:\/\/www.zunoticia.com\/noticias-de-hidalgo\/wp-json\/wp\/v2\/posts\/589744\/revisions\/589746"}],"wp:featuredmedia":[{"embeddable":true,"href":"https:\/\/www.zunoticia.com\/noticias-de-hidalgo\/wp-json\/wp\/v2\/media\/589745"}],"wp:attachment":[{"href":"https:\/\/www.zunoticia.com\/noticias-de-hidalgo\/wp-json\/wp\/v2\/media?parent=589744"}],"wp:term":[{"taxonomy":"category","embeddable":true,"href":"https:\/\/www.zunoticia.com\/noticias-de-hidalgo\/wp-json\/wp\/v2\/categories?post=589744"},{"taxonomy":"post_tag","embeddable":true,"href":"https:\/\/www.zunoticia.com\/noticias-de-hidalgo\/wp-json\/wp\/v2\/tags?post=589744"}],"curies":[{"name":"wp","href":"https:\/\/api.w.org\/{rel}","templated":true}]}}