{"id":589752,"date":"2025-04-16T13:25:19","date_gmt":"2025-04-16T19:25:19","guid":{"rendered":"https:\/\/www.zunoticia.com\/noticias-de-hidalgo\/?p=589752"},"modified":"2025-04-16T13:25:21","modified_gmt":"2025-04-16T19:25:21","slug":"pintores-jaltocan-participan-en-la-exposicion-colectiva-la-huasteca-color-y-tradicion","status":"publish","type":"post","link":"https:\/\/www.zunoticia.com\/noticias-de-hidalgo\/2025\/04\/16\/pintores-jaltocan-participan-en-la-exposicion-colectiva-la-huasteca-color-y-tradicion\/","title":{"rendered":"&#8220;Pintores Jaltoc\u00e1n&#8221; participan en la exposici\u00f3n colectiva La Huasteca, color y tradici\u00f3n"},"content":{"rendered":"<aside class=\"mashsb-container mashsb-main mashsb-stretched\"><div class=\"mashsb-box\"><div class=\"mashsb-count mash-large\" style=\"float:left\"><div class=\"counts mashsbcount\">0<\/div><span class=\"mashsb-sharetext\">SHARES<\/span><\/div><div class=\"mashsb-buttons\"><a class=\"mashicon-facebook mash-large mash-center mashsb-noshadow\" href=\"https:\/\/www.facebook.com\/sharer.php?u=https%3A%2F%2Fwww.zunoticia.com%2Fnoticias-de-hidalgo%2F2025%2F04%2F16%2Fpintores-jaltocan-participan-en-la-exposicion-colectiva-la-huasteca-color-y-tradicion%2F\" target=\"_top\" rel=\"nofollow\"><span class=\"icon\"><\/span><span class=\"text\">Share<\/span><\/a><a class=\"mashicon-twitter mash-large mash-center mashsb-noshadow\" href=\"https:\/\/twitter.com\/intent\/tweet?text=&amp;url=https:\/\/www.zunoticia.com\/noticias-de-hidalgo\/2025\/04\/16\/pintores-jaltocan-participan-en-la-exposicion-colectiva-la-huasteca-color-y-tradicion\/\" target=\"_top\" rel=\"nofollow\"><span class=\"icon\"><\/span><span class=\"text\">Tweet<\/span><\/a><div class=\"onoffswitch2 mash-large mashsb-noshadow\" style=\"display:none\"><\/div><\/div>\n            <\/div>\n                <div style=\"clear:both\"><\/div><div class=\"mashsb-toggle-container\"><\/div><\/aside>\n            <!-- Share buttons by mashshare.net - Version: 4.0.47-->\n<p><em>Por Gabriela Hern\u00e1ndez\/Zunoticia<\/em><\/p>\n\n\n\n<p><strong>Jaltoc\u00e1n, Hgo<\/strong>. &#8211; La Plaza Nicandro Castillo se engalana con la exposici\u00f3n de fotograf\u00edas, pinturas y carteles en la que integrantes de La Huasteca Hidalguense Colectivo Art\u00edstico retratan, plasman y dise\u00f1an su particular visi\u00f3n de la cultura, tradici\u00f3n y costumbres que le dan identidad al pueblo huasteco.<\/p>\n\n\n\n<p>Juan Hern\u00e1ndez y Servando Hern\u00e1ndez del municipio de Jaltoc\u00e1n, miembros del grupo &#8220;Pintores Jaltoc\u00e1n&#8221;, participan en este colectivo, en donde llevan su talento, representando la esencia y el color de su tierra, la huasteca hidalguense, explorando la pintura y destacando en obras inspiradas en costumbres, tradiciones, fiestas populares y artesan\u00edas locales.<\/p>\n\n\n\n<p>Ambos han participado y destacado en eventos culturales, muralismo, exposiciones colectivas y concursos a nivel estatal, as\u00ed como internacional, compartiendo sus ra\u00edces, los dos dignos representantes del arte huasteco.<\/p>\n\n\n\n<p>El pasado 15 de abril se conmemor\u00f3 el D\u00eda Mundial del Arte en el que se reconoce el arte como una expresi\u00f3n maravillosa, la cual est\u00e1 presente en todas partes, en todas las cosas y ocupa todos los sentidos.<\/p>\n\n\n\n<figure class=\"wp-block-image size-full\"><img fetchpriority=\"high\" decoding=\"async\" width=\"933\" height=\"524\" src=\"https:\/\/www.zunoticia.com\/noticias-de-hidalgo\/wp-content\/uploads\/2025\/04\/2.png\" alt=\"\" class=\"wp-image-589754\"\/><\/figure>\n","protected":false},"excerpt":{"rendered":"<p>Por Gabriela Hern\u00e1ndez\/Zunoticia Jaltoc\u00e1n, Hgo. &#8211; La Plaza Nicandro Castillo se engalana con la exposici\u00f3n de fotograf\u00edas, pinturas y carteles en la que integrantes de La Huasteca Hidalguense Colectivo Art\u00edstico retratan, plasman y dise\u00f1an su particular visi\u00f3n de la cultura, tradici\u00f3n y costumbres que le dan identidad al pueblo huasteco. Juan Hern\u00e1ndez y Servando Hern\u00e1ndez&hellip; <a class=\"more-link\" href=\"https:\/\/www.zunoticia.com\/noticias-de-hidalgo\/2025\/04\/16\/pintores-jaltocan-participan-en-la-exposicion-colectiva-la-huasteca-color-y-tradicion\/\">Seguir leyendo <span class=\"screen-reader-text\">&#8220;Pintores Jaltoc\u00e1n&#8221; participan en la exposici\u00f3n colectiva La Huasteca, color y tradici\u00f3n<\/span><\/a><\/p>\n","protected":false},"author":20,"featured_media":589753,"comment_status":"open","ping_status":"open","sticky":false,"template":"","format":"standard","meta":{"rop_custom_images_group":[],"rop_custom_messages_group":[],"rop_publish_now":"initial","rop_publish_now_accounts":{"facebook_10159540855086992_322828327761733":""},"rop_publish_now_history":[],"rop_publish_now_status":"pending","footnotes":""},"categories":[179,200],"tags":[229,131],"class_list":["post-589752","post","type-post","status-publish","format-standard","has-post-thumbnail","hentry","category-huasteca","category-jaltocan","tag-huasteca","tag-jaltocan","entry"],"_links":{"self":[{"href":"https:\/\/www.zunoticia.com\/noticias-de-hidalgo\/wp-json\/wp\/v2\/posts\/589752","targetHints":{"allow":["GET"]}}],"collection":[{"href":"https:\/\/www.zunoticia.com\/noticias-de-hidalgo\/wp-json\/wp\/v2\/posts"}],"about":[{"href":"https:\/\/www.zunoticia.com\/noticias-de-hidalgo\/wp-json\/wp\/v2\/types\/post"}],"author":[{"embeddable":true,"href":"https:\/\/www.zunoticia.com\/noticias-de-hidalgo\/wp-json\/wp\/v2\/users\/20"}],"replies":[{"embeddable":true,"href":"https:\/\/www.zunoticia.com\/noticias-de-hidalgo\/wp-json\/wp\/v2\/comments?post=589752"}],"version-history":[{"count":1,"href":"https:\/\/www.zunoticia.com\/noticias-de-hidalgo\/wp-json\/wp\/v2\/posts\/589752\/revisions"}],"predecessor-version":[{"id":589755,"href":"https:\/\/www.zunoticia.com\/noticias-de-hidalgo\/wp-json\/wp\/v2\/posts\/589752\/revisions\/589755"}],"wp:featuredmedia":[{"embeddable":true,"href":"https:\/\/www.zunoticia.com\/noticias-de-hidalgo\/wp-json\/wp\/v2\/media\/589753"}],"wp:attachment":[{"href":"https:\/\/www.zunoticia.com\/noticias-de-hidalgo\/wp-json\/wp\/v2\/media?parent=589752"}],"wp:term":[{"taxonomy":"category","embeddable":true,"href":"https:\/\/www.zunoticia.com\/noticias-de-hidalgo\/wp-json\/wp\/v2\/categories?post=589752"},{"taxonomy":"post_tag","embeddable":true,"href":"https:\/\/www.zunoticia.com\/noticias-de-hidalgo\/wp-json\/wp\/v2\/tags?post=589752"}],"curies":[{"name":"wp","href":"https:\/\/api.w.org\/{rel}","templated":true}]}}