{"id":589769,"date":"2025-04-16T14:37:57","date_gmt":"2025-04-16T20:37:57","guid":{"rendered":"https:\/\/www.zunoticia.com\/noticias-de-hidalgo\/?p=589769"},"modified":"2025-04-16T14:37:59","modified_gmt":"2025-04-16T20:37:59","slug":"integrantes-del-colectivo-de-pintores-huastecos-expondra-en-europa-alfredo-san-roman","status":"publish","type":"post","link":"https:\/\/www.zunoticia.com\/noticias-de-hidalgo\/2025\/04\/16\/integrantes-del-colectivo-de-pintores-huastecos-expondra-en-europa-alfredo-san-roman\/","title":{"rendered":"Integrantes del colectivo de pintores huastecos expondr\u00e1 en Europa: Alfredo San Rom\u00e1n"},"content":{"rendered":"<aside class=\"mashsb-container mashsb-main mashsb-stretched\"><div class=\"mashsb-box\"><div class=\"mashsb-count mash-large\" style=\"float:left\"><div class=\"counts mashsbcount\">2<\/div><span class=\"mashsb-sharetext\">SHARES<\/span><\/div><div class=\"mashsb-buttons\"><a class=\"mashicon-facebook mash-large mash-center mashsb-noshadow\" href=\"https:\/\/www.facebook.com\/sharer.php?u=https%3A%2F%2Fwww.zunoticia.com%2Fnoticias-de-hidalgo%2F2025%2F04%2F16%2Fintegrantes-del-colectivo-de-pintores-huastecos-expondra-en-europa-alfredo-san-roman%2F\" target=\"_top\" rel=\"nofollow\"><span class=\"icon\"><\/span><span class=\"text\">Share<\/span><\/a><a class=\"mashicon-twitter mash-large mash-center mashsb-noshadow\" href=\"https:\/\/twitter.com\/intent\/tweet?text=&amp;url=https:\/\/www.zunoticia.com\/noticias-de-hidalgo\/2025\/04\/16\/integrantes-del-colectivo-de-pintores-huastecos-expondra-en-europa-alfredo-san-roman\/\" target=\"_top\" rel=\"nofollow\"><span class=\"icon\"><\/span><span class=\"text\">Tweet<\/span><\/a><div class=\"onoffswitch2 mash-large mashsb-noshadow\" style=\"display:none\"><\/div><\/div>\n            <\/div>\n                <div style=\"clear:both\"><\/div><div class=\"mashsb-toggle-container\"><\/div><\/aside>\n            <!-- Share buttons by mashshare.net - Version: 4.0.47-->\n<p><em>Por Salvador Altamirano\/Zunoticia<\/em><\/p>\n\n\n\n<p><strong>Huejutla, Hgo.-<\/strong> Entrevistado el pasado martes, durante la inauguraci\u00f3n de la exposici\u00f3n gastron\u00f3mica y artesanal que durante Semana Santa permanecer\u00e1 en la Plaza 21 de Mayo, en torno a si Huejutla tiene los atributos para que se constituya en &#8220;Pueblo M\u00e1gico&#8221;, el presidente municipal Alfredo San Rom\u00e1n Duval fue claro al precisar que s\u00ed.<\/p>\n\n\n\n<p>Subray\u00f3 que, durante sus periodos de gobierno ha impulsado el tema cultural de Huejutla, muestra de ello -acentu\u00f3-, es que conmigo inici\u00f3 el centro ceremonial de Xantolo, con lo que se proyecta la representaci\u00f3n de nuestra tradici\u00f3n m\u00e1s destacada en grande, incluso en el \u00e1mbito internacional.<\/p>\n\n\n\n<p>Asimismo, anunci\u00f3 que, en unos d\u00edas la colectiva de pintores huastecos, cuya exposici\u00f3n ubicada en la Plaza Nicandro Castillo se inaugur\u00f3 tambi\u00e9n el pasado martes, expondr\u00e1n en Espa\u00f1a y Francia, en una actividad considerada como embajadores de la cultura huasteca.<\/p>\n\n\n\n<p>Agreg\u00f3 que, de manera simult\u00e1nea en esa gira se dar\u00e1 a conocer nuestra gastronom\u00eda local, \u201cpor lo que durante mi gobierno Huejutla se proyectar\u00e1 en el \u00e1mbito internacional\u201d.<\/p>\n\n\n\n<p>Entre tantas preguntas que se le formularon, ya que la entrevista fue en rueda de prensa, San Rom\u00e1n Duval coment\u00f3 que, otro de los aspectos tur\u00edsticos que tiene Huejutla es la artesan\u00eda, en especial la de la localidad de Chililico.<\/p>\n\n\n\n<figure class=\"wp-block-image size-full\"><img fetchpriority=\"high\" decoding=\"async\" width=\"933\" height=\"524\" src=\"https:\/\/www.zunoticia.com\/noticias-de-hidalgo\/wp-content\/uploads\/2025\/04\/Zunoticia-Huejutla-1-153.png\" alt=\"\" class=\"wp-image-589771\"\/><\/figure>\n","protected":false},"excerpt":{"rendered":"<p>Por Salvador Altamirano\/Zunoticia Huejutla, Hgo.- Entrevistado el pasado martes, durante la inauguraci\u00f3n de la exposici\u00f3n gastron\u00f3mica y artesanal que durante Semana Santa permanecer\u00e1 en la Plaza 21 de Mayo, en torno a si Huejutla tiene los atributos para que se constituya en &#8220;Pueblo M\u00e1gico&#8221;, el presidente municipal Alfredo San Rom\u00e1n Duval fue claro al precisar&hellip; <a class=\"more-link\" href=\"https:\/\/www.zunoticia.com\/noticias-de-hidalgo\/2025\/04\/16\/integrantes-del-colectivo-de-pintores-huastecos-expondra-en-europa-alfredo-san-roman\/\">Seguir leyendo <span class=\"screen-reader-text\">Integrantes del colectivo de pintores huastecos expondr\u00e1 en Europa: Alfredo San Rom\u00e1n<\/span><\/a><\/p>\n","protected":false},"author":20,"featured_media":589770,"comment_status":"open","ping_status":"open","sticky":false,"template":"","format":"standard","meta":{"rop_custom_images_group":[],"rop_custom_messages_group":[],"rop_publish_now":"initial","rop_publish_now_accounts":{"facebook_10159540855086992_322828327761733":""},"rop_publish_now_history":[],"rop_publish_now_status":"pending","footnotes":""},"categories":[181],"tags":[121],"class_list":["post-589769","post","type-post","status-publish","format-standard","has-post-thumbnail","hentry","category-huejutla","tag-huejutla","entry"],"_links":{"self":[{"href":"https:\/\/www.zunoticia.com\/noticias-de-hidalgo\/wp-json\/wp\/v2\/posts\/589769","targetHints":{"allow":["GET"]}}],"collection":[{"href":"https:\/\/www.zunoticia.com\/noticias-de-hidalgo\/wp-json\/wp\/v2\/posts"}],"about":[{"href":"https:\/\/www.zunoticia.com\/noticias-de-hidalgo\/wp-json\/wp\/v2\/types\/post"}],"author":[{"embeddable":true,"href":"https:\/\/www.zunoticia.com\/noticias-de-hidalgo\/wp-json\/wp\/v2\/users\/20"}],"replies":[{"embeddable":true,"href":"https:\/\/www.zunoticia.com\/noticias-de-hidalgo\/wp-json\/wp\/v2\/comments?post=589769"}],"version-history":[{"count":1,"href":"https:\/\/www.zunoticia.com\/noticias-de-hidalgo\/wp-json\/wp\/v2\/posts\/589769\/revisions"}],"predecessor-version":[{"id":589772,"href":"https:\/\/www.zunoticia.com\/noticias-de-hidalgo\/wp-json\/wp\/v2\/posts\/589769\/revisions\/589772"}],"wp:featuredmedia":[{"embeddable":true,"href":"https:\/\/www.zunoticia.com\/noticias-de-hidalgo\/wp-json\/wp\/v2\/media\/589770"}],"wp:attachment":[{"href":"https:\/\/www.zunoticia.com\/noticias-de-hidalgo\/wp-json\/wp\/v2\/media?parent=589769"}],"wp:term":[{"taxonomy":"category","embeddable":true,"href":"https:\/\/www.zunoticia.com\/noticias-de-hidalgo\/wp-json\/wp\/v2\/categories?post=589769"},{"taxonomy":"post_tag","embeddable":true,"href":"https:\/\/www.zunoticia.com\/noticias-de-hidalgo\/wp-json\/wp\/v2\/tags?post=589769"}],"curies":[{"name":"wp","href":"https:\/\/api.w.org\/{rel}","templated":true}]}}