{"id":589786,"date":"2025-04-16T17:34:22","date_gmt":"2025-04-16T23:34:22","guid":{"rendered":"https:\/\/www.zunoticia.com\/noticias-de-hidalgo\/?p=589786"},"modified":"2025-04-16T17:34:23","modified_gmt":"2025-04-16T23:34:23","slug":"avanza-positivamente-el-proceso-electoral-extraordinario-del-pjf-ine","status":"publish","type":"post","link":"https:\/\/www.zunoticia.com\/noticias-de-hidalgo\/2025\/04\/16\/avanza-positivamente-el-proceso-electoral-extraordinario-del-pjf-ine\/","title":{"rendered":"Avanza positivamente el Proceso Electoral Extraordinario del PJF: INE"},"content":{"rendered":"<aside class=\"mashsb-container mashsb-main mashsb-stretched\"><div class=\"mashsb-box\"><div class=\"mashsb-count mash-large\" style=\"float:left\"><div class=\"counts mashsbcount\">0<\/div><span class=\"mashsb-sharetext\">SHARES<\/span><\/div><div class=\"mashsb-buttons\"><a class=\"mashicon-facebook mash-large mash-center mashsb-noshadow\" href=\"https:\/\/www.facebook.com\/sharer.php?u=https%3A%2F%2Fwww.zunoticia.com%2Fnoticias-de-hidalgo%2F2025%2F04%2F16%2Favanza-positivamente-el-proceso-electoral-extraordinario-del-pjf-ine%2F\" target=\"_top\" rel=\"nofollow\"><span class=\"icon\"><\/span><span class=\"text\">Share<\/span><\/a><a class=\"mashicon-twitter mash-large mash-center mashsb-noshadow\" href=\"https:\/\/twitter.com\/intent\/tweet?text=&amp;url=https:\/\/www.zunoticia.com\/noticias-de-hidalgo\/2025\/04\/16\/avanza-positivamente-el-proceso-electoral-extraordinario-del-pjf-ine\/\" target=\"_top\" rel=\"nofollow\"><span class=\"icon\"><\/span><span class=\"text\">Tweet<\/span><\/a><div class=\"onoffswitch2 mash-large mashsb-noshadow\" style=\"display:none\"><\/div><\/div>\n            <\/div>\n                <div style=\"clear:both\"><\/div><div class=\"mashsb-toggle-container\"><\/div><\/aside>\n            <!-- Share buttons by mashshare.net - Version: 4.0.47-->\n<p><em>Por Enedino Hern\u00e1ndez Alonso\/Zunoticia<\/em><\/p>\n\n\n\n<p><strong>Huejutla, Hgo. &#8211;<\/strong> Hasta el momento avanza de manera positiva el Proceso Electoral Extraordinario de diversos cargos del Poder Judicial de la Federaci\u00f3n 2024-2025; confirm\u00f3 el vocal ejecutivo del Instituto Nacional Electoral (INE) en Huejutla, Uriel de Jes\u00fas L\u00f3pez Castillo.<\/p>\n\n\n\n<p>Explic\u00f3 que, los trabajos del proceso electoral extraordinario, cuya jornada electoral ser\u00e1 el primero de junio, se desarrollan puntualmente cumpli\u00e9ndose con el calendario de actividades.<\/p>\n\n\n\n<p>Expuso que, actualmente se lleva a cabo la integraci\u00f3n correspondiente de las mesas directivas de casillas, brindando la capacitaci\u00f3n necesaria a los ciudadanos que van a estar al frente de las mismas.<\/p>\n\n\n\n<p>Dijo que, adem\u00e1s se lleva a cabo la promoci\u00f3n de la participaci\u00f3n ciudadana, tambi\u00e9n se fortalecen a las personas, quienes se habr\u00e1n de encargar de observar el desarrollo del proceso extraordinario.<\/p>\n\n\n\n<p>Pide a los ciudadanos interesados que oportunamente se inscriban y participen como observadores electorales, con lo cual tendr\u00e1n la oportunidad de vivir de manera activa este proceso electoral.<\/p>\n\n\n\n<p>Uriel de Jes\u00fas L\u00f3pez Castillo, confirm\u00f3 que, puntualmente se cumple con el proceso extraordinario, ya se tiene la ubicaci\u00f3n de los lugares en donde se instalar\u00e1n las casillas, adem\u00e1s de la capacitaci\u00f3n que se brinda a las personas que atender\u00e1n las mesas directivas.<\/p>\n\n\n\n<p>Adelant\u00f3 que, en breve se espera que llegue la primera parte del material para la integraci\u00f3n de las casillas, \u201cen los primeros d\u00edas del mes de mayo se recibir\u00e1 el material y las boletas, para posteriormente empezar con la entrega a los representantes de las mesas de casilla, y hasta este d\u00eda todo se est\u00e1 cumpliendo puntualmente\u201d.<\/p>\n\n\n\n<p><\/p>\n","protected":false},"excerpt":{"rendered":"<p>Por Enedino Hern\u00e1ndez Alonso\/Zunoticia Huejutla, Hgo. &#8211; Hasta el momento avanza de manera positiva el Proceso Electoral Extraordinario de diversos cargos del Poder Judicial de la Federaci\u00f3n 2024-2025; confirm\u00f3 el vocal ejecutivo del Instituto Nacional Electoral (INE) en Huejutla, Uriel de Jes\u00fas L\u00f3pez Castillo. Explic\u00f3 que, los trabajos del proceso electoral extraordinario, cuya jornada electoral&hellip; <a class=\"more-link\" href=\"https:\/\/www.zunoticia.com\/noticias-de-hidalgo\/2025\/04\/16\/avanza-positivamente-el-proceso-electoral-extraordinario-del-pjf-ine\/\">Seguir leyendo <span class=\"screen-reader-text\">Avanza positivamente el Proceso Electoral Extraordinario del PJF: INE<\/span><\/a><\/p>\n","protected":false},"author":20,"featured_media":589787,"comment_status":"open","ping_status":"open","sticky":false,"template":"","format":"standard","meta":{"rop_custom_images_group":[],"rop_custom_messages_group":[],"rop_publish_now":"initial","rop_publish_now_accounts":{"facebook_10159540855086992_322828327761733":""},"rop_publish_now_history":[],"rop_publish_now_status":"pending","footnotes":""},"categories":[181],"tags":[121],"class_list":["post-589786","post","type-post","status-publish","format-standard","has-post-thumbnail","hentry","category-huejutla","tag-huejutla","entry"],"_links":{"self":[{"href":"https:\/\/www.zunoticia.com\/noticias-de-hidalgo\/wp-json\/wp\/v2\/posts\/589786","targetHints":{"allow":["GET"]}}],"collection":[{"href":"https:\/\/www.zunoticia.com\/noticias-de-hidalgo\/wp-json\/wp\/v2\/posts"}],"about":[{"href":"https:\/\/www.zunoticia.com\/noticias-de-hidalgo\/wp-json\/wp\/v2\/types\/post"}],"author":[{"embeddable":true,"href":"https:\/\/www.zunoticia.com\/noticias-de-hidalgo\/wp-json\/wp\/v2\/users\/20"}],"replies":[{"embeddable":true,"href":"https:\/\/www.zunoticia.com\/noticias-de-hidalgo\/wp-json\/wp\/v2\/comments?post=589786"}],"version-history":[{"count":1,"href":"https:\/\/www.zunoticia.com\/noticias-de-hidalgo\/wp-json\/wp\/v2\/posts\/589786\/revisions"}],"predecessor-version":[{"id":589788,"href":"https:\/\/www.zunoticia.com\/noticias-de-hidalgo\/wp-json\/wp\/v2\/posts\/589786\/revisions\/589788"}],"wp:featuredmedia":[{"embeddable":true,"href":"https:\/\/www.zunoticia.com\/noticias-de-hidalgo\/wp-json\/wp\/v2\/media\/589787"}],"wp:attachment":[{"href":"https:\/\/www.zunoticia.com\/noticias-de-hidalgo\/wp-json\/wp\/v2\/media?parent=589786"}],"wp:term":[{"taxonomy":"category","embeddable":true,"href":"https:\/\/www.zunoticia.com\/noticias-de-hidalgo\/wp-json\/wp\/v2\/categories?post=589786"},{"taxonomy":"post_tag","embeddable":true,"href":"https:\/\/www.zunoticia.com\/noticias-de-hidalgo\/wp-json\/wp\/v2\/tags?post=589786"}],"curies":[{"name":"wp","href":"https:\/\/api.w.org\/{rel}","templated":true}]}}