{"id":589793,"date":"2025-04-16T17:53:07","date_gmt":"2025-04-16T23:53:07","guid":{"rendered":"https:\/\/www.zunoticia.com\/noticias-de-hidalgo\/?p=589793"},"modified":"2025-04-16T17:54:48","modified_gmt":"2025-04-16T23:54:48","slug":"vecinos-exhortan-a-cuidar-el-parque-daniel-cerecedo-estrada","status":"publish","type":"post","link":"https:\/\/www.zunoticia.com\/noticias-de-hidalgo\/2025\/04\/16\/vecinos-exhortan-a-cuidar-el-parque-daniel-cerecedo-estrada\/","title":{"rendered":"Vecinos exhortan a cuidar el &#8220;Parque Daniel Cerecedo Estrada&#8221;"},"content":{"rendered":"<aside class=\"mashsb-container mashsb-main mashsb-stretched\"><div class=\"mashsb-box\"><div class=\"mashsb-count mash-large\" style=\"float:left\"><div class=\"counts mashsbcount\">0<\/div><span class=\"mashsb-sharetext\">SHARES<\/span><\/div><div class=\"mashsb-buttons\"><a class=\"mashicon-facebook mash-large mash-center mashsb-noshadow\" href=\"https:\/\/www.facebook.com\/sharer.php?u=https%3A%2F%2Fwww.zunoticia.com%2Fnoticias-de-hidalgo%2F2025%2F04%2F16%2Fvecinos-exhortan-a-cuidar-el-parque-daniel-cerecedo-estrada%2F\" target=\"_top\" rel=\"nofollow\"><span class=\"icon\"><\/span><span class=\"text\">Share<\/span><\/a><a class=\"mashicon-twitter mash-large mash-center mashsb-noshadow\" href=\"https:\/\/twitter.com\/intent\/tweet?text=&amp;url=https:\/\/www.zunoticia.com\/noticias-de-hidalgo\/2025\/04\/16\/vecinos-exhortan-a-cuidar-el-parque-daniel-cerecedo-estrada\/\" target=\"_top\" rel=\"nofollow\"><span class=\"icon\"><\/span><span class=\"text\">Tweet<\/span><\/a><div class=\"onoffswitch2 mash-large mashsb-noshadow\" style=\"display:none\"><\/div><\/div>\n            <\/div>\n                <div style=\"clear:both\"><\/div><div class=\"mashsb-toggle-container\"><\/div><\/aside>\n            <!-- Share buttons by mashshare.net - Version: 4.0.47-->\n<p><em>Por Salvador Altamirano\/Zunoticia<\/em><\/p>\n\n\n\n<p><strong>Huejutla, Hgo<\/strong>.- Seg\u00fan referencias, &#8220;parque&#8221; es un espacio natural o semi &#8211; natural que est\u00e1 situado en el interior de una poblaci\u00f3n, y es \u00fatil para la recreaci\u00f3n y esparcimiento de las personas.<\/p>\n\n\n\n<p>Por tal motivo, los vecinos de la colonia Cerecedo Estrada solicitan, a residentes y visitantes ocasionales, mantener cuidado y limpio el parque del sector, para una estancia agradable en el mismo.<\/p>\n\n\n\n<p>Agregaron que, actualmente el espacio recreativo est\u00e1 limpio y adecuadamente iluminado por las noches, lo cual es agradable a la vista y al gusto, y motiva a pasar momentos de esparcimiento en su interior, incluso, en compa\u00f1\u00eda de la familia.<\/p>\n\n\n\n<p>Para finalizar, los vecinos de la colonia especificaron que, aunque el parque es un espacio p\u00fablico, los usuarios tiene la obligaci\u00f3n de hacer un buen uso, cuid\u00e1ndolo, no destruyendo los \u00e1rboles ornamentales ni dejando basura por doquier.<\/p>\n\n\n\n<figure class=\"wp-block-image size-full\"><img fetchpriority=\"high\" decoding=\"async\" width=\"933\" height=\"524\" src=\"https:\/\/www.zunoticia.com\/noticias-de-hidalgo\/wp-content\/uploads\/2025\/04\/Zunoticia-Huejutla-1-157.png\" alt=\"\" class=\"wp-image-589797\"\/><\/figure>\n","protected":false},"excerpt":{"rendered":"<p>Por Salvador Altamirano\/Zunoticia Huejutla, Hgo.- Seg\u00fan referencias, &#8220;parque&#8221; es un espacio natural o semi &#8211; natural que est\u00e1 situado en el interior de una poblaci\u00f3n, y es \u00fatil para la recreaci\u00f3n y esparcimiento de las personas. Por tal motivo, los vecinos de la colonia Cerecedo Estrada solicitan, a residentes y visitantes ocasionales, mantener cuidado y&hellip; <a class=\"more-link\" href=\"https:\/\/www.zunoticia.com\/noticias-de-hidalgo\/2025\/04\/16\/vecinos-exhortan-a-cuidar-el-parque-daniel-cerecedo-estrada\/\">Seguir leyendo <span class=\"screen-reader-text\">Vecinos exhortan a cuidar el &#8220;Parque Daniel Cerecedo Estrada&#8221;<\/span><\/a><\/p>\n","protected":false},"author":20,"featured_media":589794,"comment_status":"open","ping_status":"open","sticky":false,"template":"","format":"standard","meta":{"rop_custom_images_group":[],"rop_custom_messages_group":[],"rop_publish_now":"initial","rop_publish_now_accounts":{"facebook_10159540855086992_322828327761733":""},"rop_publish_now_history":[],"rop_publish_now_status":"pending","footnotes":""},"categories":[181],"tags":[121],"class_list":["post-589793","post","type-post","status-publish","format-standard","has-post-thumbnail","hentry","category-huejutla","tag-huejutla","entry"],"_links":{"self":[{"href":"https:\/\/www.zunoticia.com\/noticias-de-hidalgo\/wp-json\/wp\/v2\/posts\/589793","targetHints":{"allow":["GET"]}}],"collection":[{"href":"https:\/\/www.zunoticia.com\/noticias-de-hidalgo\/wp-json\/wp\/v2\/posts"}],"about":[{"href":"https:\/\/www.zunoticia.com\/noticias-de-hidalgo\/wp-json\/wp\/v2\/types\/post"}],"author":[{"embeddable":true,"href":"https:\/\/www.zunoticia.com\/noticias-de-hidalgo\/wp-json\/wp\/v2\/users\/20"}],"replies":[{"embeddable":true,"href":"https:\/\/www.zunoticia.com\/noticias-de-hidalgo\/wp-json\/wp\/v2\/comments?post=589793"}],"version-history":[{"count":2,"href":"https:\/\/www.zunoticia.com\/noticias-de-hidalgo\/wp-json\/wp\/v2\/posts\/589793\/revisions"}],"predecessor-version":[{"id":589798,"href":"https:\/\/www.zunoticia.com\/noticias-de-hidalgo\/wp-json\/wp\/v2\/posts\/589793\/revisions\/589798"}],"wp:featuredmedia":[{"embeddable":true,"href":"https:\/\/www.zunoticia.com\/noticias-de-hidalgo\/wp-json\/wp\/v2\/media\/589794"}],"wp:attachment":[{"href":"https:\/\/www.zunoticia.com\/noticias-de-hidalgo\/wp-json\/wp\/v2\/media?parent=589793"}],"wp:term":[{"taxonomy":"category","embeddable":true,"href":"https:\/\/www.zunoticia.com\/noticias-de-hidalgo\/wp-json\/wp\/v2\/categories?post=589793"},{"taxonomy":"post_tag","embeddable":true,"href":"https:\/\/www.zunoticia.com\/noticias-de-hidalgo\/wp-json\/wp\/v2\/tags?post=589793"}],"curies":[{"name":"wp","href":"https:\/\/api.w.org\/{rel}","templated":true}]}}