{"id":589810,"date":"2025-04-16T18:37:16","date_gmt":"2025-04-17T00:37:16","guid":{"rendered":"https:\/\/www.zunoticia.com\/noticias-de-hidalgo\/?p=589810"},"modified":"2025-04-16T18:37:20","modified_gmt":"2025-04-17T00:37:20","slug":"impulsan-activacion-turistica-de-tlanchinol-desde-el-congreso-del-estado","status":"publish","type":"post","link":"https:\/\/www.zunoticia.com\/noticias-de-hidalgo\/2025\/04\/16\/impulsan-activacion-turistica-de-tlanchinol-desde-el-congreso-del-estado\/","title":{"rendered":"Impulsan activaci\u00f3n tur\u00edstica de Tlanchinol desde el Congreso del Estado"},"content":{"rendered":"<aside class=\"mashsb-container mashsb-main mashsb-stretched\"><div class=\"mashsb-box\"><div class=\"mashsb-count mash-large\" style=\"float:left\"><div class=\"counts mashsbcount\">0<\/div><span class=\"mashsb-sharetext\">SHARES<\/span><\/div><div class=\"mashsb-buttons\"><a class=\"mashicon-facebook mash-large mash-center mashsb-noshadow\" href=\"https:\/\/www.facebook.com\/sharer.php?u=https%3A%2F%2Fwww.zunoticia.com%2Fnoticias-de-hidalgo%2F2025%2F04%2F16%2Fimpulsan-activacion-turistica-de-tlanchinol-desde-el-congreso-del-estado%2F\" target=\"_top\" rel=\"nofollow\"><span class=\"icon\"><\/span><span class=\"text\">Share<\/span><\/a><a class=\"mashicon-twitter mash-large mash-center mashsb-noshadow\" href=\"https:\/\/twitter.com\/intent\/tweet?text=&amp;url=https:\/\/www.zunoticia.com\/noticias-de-hidalgo\/2025\/04\/16\/impulsan-activacion-turistica-de-tlanchinol-desde-el-congreso-del-estado\/\" target=\"_top\" rel=\"nofollow\"><span class=\"icon\"><\/span><span class=\"text\">Tweet<\/span><\/a><div class=\"onoffswitch2 mash-large mashsb-noshadow\" style=\"display:none\"><\/div><\/div>\n            <\/div>\n                <div style=\"clear:both\"><\/div><div class=\"mashsb-toggle-container\"><\/div><\/aside>\n            <!-- Share buttons by mashshare.net - Version: 4.0.47-->\n<p><em>Por Karen Rivera \/ Zunoticia<\/em><\/p>\n\n\n\n<p><strong>Tlanchinol, Hgo<\/strong>.- Con el firme objetivo de reactivar el turismo en Tlanchinol, la directora de Turismo Municipal, Laura Anel Bustos Medina, realiz\u00f3 una visita al Congreso del Estado de Hidalgo, donde sostuvo una productiva reuni\u00f3n con la diputada Alhel\u00ed Medina Hern\u00e1ndez y el diputado Juli\u00e1n Nochebuena Hern\u00e1ndez.<\/p>\n\n\n\n<p>Durante el encuentro, se abordaron propuestas y estrategias para fortalecer el sector tur\u00edstico local, reconociendo la importancia de generar alianzas que permitan detonar el potencial tur\u00edstico de la regi\u00f3n. Bustos Medina agradeci\u00f3 la disposici\u00f3n y apertura de los legisladores, quienes mostraron inter\u00e9s y compromiso para trabajar en conjunto por el desarrollo de Tlanchinol.<\/p>\n\n\n\n<p>\u201cEstos acercamientos permiten crear sinergias importantes que nos impulsan a seguir trabajando en equipo por el bien del turismo en nuestro municipio\u201d, expres\u00f3 la funcionaria tras la reuni\u00f3n.<\/p>\n\n\n\n<p>Como parte de su recorrido por las instalaciones, la directora de Turismo tambi\u00e9n destac\u00f3 la presencia del impresionante Tenango que adorna la entrada del Congreso, colocado con motivo de la celebraci\u00f3n del D\u00eda del Tenango el pasado 8 de abril, una muestra del arte y cultura hidalguense que enorgullece a todo el estado.<\/p>\n","protected":false},"excerpt":{"rendered":"<p>Por Karen Rivera \/ Zunoticia Tlanchinol, Hgo.- Con el firme objetivo de reactivar el turismo en Tlanchinol, la directora de Turismo Municipal, Laura Anel Bustos Medina, realiz\u00f3 una visita al Congreso del Estado de Hidalgo, donde sostuvo una productiva reuni\u00f3n con la diputada Alhel\u00ed Medina Hern\u00e1ndez y el diputado Juli\u00e1n Nochebuena Hern\u00e1ndez. Durante el encuentro,&hellip; <a class=\"more-link\" href=\"https:\/\/www.zunoticia.com\/noticias-de-hidalgo\/2025\/04\/16\/impulsan-activacion-turistica-de-tlanchinol-desde-el-congreso-del-estado\/\">Seguir leyendo <span class=\"screen-reader-text\">Impulsan activaci\u00f3n tur\u00edstica de Tlanchinol desde el Congreso del Estado<\/span><\/a><\/p>\n","protected":false},"author":20,"featured_media":589811,"comment_status":"open","ping_status":"open","sticky":false,"template":"","format":"standard","meta":{"rop_custom_images_group":[],"rop_custom_messages_group":[],"rop_publish_now":"initial","rop_publish_now_accounts":{"facebook_10159540855086992_322828327761733":""},"rop_publish_now_history":[],"rop_publish_now_status":"pending","footnotes":""},"categories":[219,201],"tags":[],"class_list":["post-589810","post","type-post","status-publish","format-standard","has-post-thumbnail","hentry","category-sierra","category-tlanchinol","entry"],"_links":{"self":[{"href":"https:\/\/www.zunoticia.com\/noticias-de-hidalgo\/wp-json\/wp\/v2\/posts\/589810","targetHints":{"allow":["GET"]}}],"collection":[{"href":"https:\/\/www.zunoticia.com\/noticias-de-hidalgo\/wp-json\/wp\/v2\/posts"}],"about":[{"href":"https:\/\/www.zunoticia.com\/noticias-de-hidalgo\/wp-json\/wp\/v2\/types\/post"}],"author":[{"embeddable":true,"href":"https:\/\/www.zunoticia.com\/noticias-de-hidalgo\/wp-json\/wp\/v2\/users\/20"}],"replies":[{"embeddable":true,"href":"https:\/\/www.zunoticia.com\/noticias-de-hidalgo\/wp-json\/wp\/v2\/comments?post=589810"}],"version-history":[{"count":2,"href":"https:\/\/www.zunoticia.com\/noticias-de-hidalgo\/wp-json\/wp\/v2\/posts\/589810\/revisions"}],"predecessor-version":[{"id":589813,"href":"https:\/\/www.zunoticia.com\/noticias-de-hidalgo\/wp-json\/wp\/v2\/posts\/589810\/revisions\/589813"}],"wp:featuredmedia":[{"embeddable":true,"href":"https:\/\/www.zunoticia.com\/noticias-de-hidalgo\/wp-json\/wp\/v2\/media\/589811"}],"wp:attachment":[{"href":"https:\/\/www.zunoticia.com\/noticias-de-hidalgo\/wp-json\/wp\/v2\/media?parent=589810"}],"wp:term":[{"taxonomy":"category","embeddable":true,"href":"https:\/\/www.zunoticia.com\/noticias-de-hidalgo\/wp-json\/wp\/v2\/categories?post=589810"},{"taxonomy":"post_tag","embeddable":true,"href":"https:\/\/www.zunoticia.com\/noticias-de-hidalgo\/wp-json\/wp\/v2\/tags?post=589810"}],"curies":[{"name":"wp","href":"https:\/\/api.w.org\/{rel}","templated":true}]}}