{"id":589824,"date":"2025-04-16T19:16:37","date_gmt":"2025-04-17T01:16:37","guid":{"rendered":"https:\/\/www.zunoticia.com\/noticias-de-hidalgo\/?p=589824"},"modified":"2025-04-16T19:16:38","modified_gmt":"2025-04-17T01:16:38","slug":"se-mato-al-caer-de-una-barda","status":"publish","type":"post","link":"https:\/\/www.zunoticia.com\/noticias-de-hidalgo\/2025\/04\/16\/se-mato-al-caer-de-una-barda\/","title":{"rendered":"Se mat\u00f3 al caer de una barda"},"content":{"rendered":"<aside class=\"mashsb-container mashsb-main mashsb-stretched\"><div class=\"mashsb-box\"><div class=\"mashsb-count mash-large\" style=\"float:left\"><div class=\"counts mashsbcount\">0<\/div><span class=\"mashsb-sharetext\">SHARES<\/span><\/div><div class=\"mashsb-buttons\"><a class=\"mashicon-facebook mash-large mash-center mashsb-noshadow\" href=\"https:\/\/www.facebook.com\/sharer.php?u=https%3A%2F%2Fwww.zunoticia.com%2Fnoticias-de-hidalgo%2F2025%2F04%2F16%2Fse-mato-al-caer-de-una-barda%2F\" target=\"_top\" rel=\"nofollow\"><span class=\"icon\"><\/span><span class=\"text\">Share<\/span><\/a><a class=\"mashicon-twitter mash-large mash-center mashsb-noshadow\" href=\"https:\/\/twitter.com\/intent\/tweet?text=&amp;url=https:\/\/www.zunoticia.com\/noticias-de-hidalgo\/2025\/04\/16\/se-mato-al-caer-de-una-barda\/\" target=\"_top\" rel=\"nofollow\"><span class=\"icon\"><\/span><span class=\"text\">Tweet<\/span><\/a><div class=\"onoffswitch2 mash-large mashsb-noshadow\" style=\"display:none\"><\/div><\/div>\n            <\/div>\n                <div style=\"clear:both\"><\/div><div class=\"mashsb-toggle-container\"><\/div><\/aside>\n            <!-- Share buttons by mashshare.net - Version: 4.0.47-->\n<p><em>Por Roberto Ram\u00edrez \/Zunoticia<\/em><\/p>\n\n\n\n<p><strong>Huazalingo, Hgo.<\/strong> &#8211; Ebrio individuo que caminaba sobre una barda cay\u00f3 y se mat\u00f3 en la comunidad de San Pedro, param\u00e9dicos de Protecci\u00f3n Civil municipal llegaron al lugar y detectaron que esta persona ya no contaba con signos vitales.<\/p>\n\n\n\n<p>El finado respond\u00eda al nombre de J. F. N., de la comunidad de Nuevo Hidalgo, quien por su estado en el caminaba al parecer se descontrol\u00f3 y cay\u00f3 de una barda de 5 metros de altura, lo que lo llev\u00f3 a tener graves lesiones y muerte instant\u00e1nea.<\/p>\n\n\n\n<p>Al lugar de los hechos llegaron polic\u00edas municipales para acordonar el sitio y dar parte a las autoridades ministeriales. peritos de la Agencia del Ministerio P\u00fablico de Huejutla llegaron para dar fe de los hechos, a petici\u00f3n de sus familiares el cad\u00e1ver no fue llevado al Servicio M\u00e9dico Forense, ya que est\u00e1n conscientes que se trat\u00f3 de un accidente.<\/p>\n","protected":false},"excerpt":{"rendered":"<p>Por Roberto Ram\u00edrez \/Zunoticia Huazalingo, Hgo. &#8211; Ebrio individuo que caminaba sobre una barda cay\u00f3 y se mat\u00f3 en la comunidad de San Pedro, param\u00e9dicos de Protecci\u00f3n Civil municipal llegaron al lugar y detectaron que esta persona ya no contaba con signos vitales. El finado respond\u00eda al nombre de J. F. N., de la comunidad&hellip; <a class=\"more-link\" href=\"https:\/\/www.zunoticia.com\/noticias-de-hidalgo\/2025\/04\/16\/se-mato-al-caer-de-una-barda\/\">Seguir leyendo <span class=\"screen-reader-text\">Se mat\u00f3 al caer de una barda<\/span><\/a><\/p>\n","protected":false},"author":20,"featured_media":589825,"comment_status":"open","ping_status":"open","sticky":false,"template":"","format":"standard","meta":{"rop_custom_images_group":[],"rop_custom_messages_group":[],"rop_publish_now":"initial","rop_publish_now_accounts":{"facebook_10159540855086992_322828327761733":""},"rop_publish_now_history":[],"rop_publish_now_status":"pending","footnotes":""},"categories":[178],"tags":[259],"class_list":["post-589824","post","type-post","status-publish","format-standard","has-post-thumbnail","hentry","category-policiaca","tag-policiaca","entry"],"_links":{"self":[{"href":"https:\/\/www.zunoticia.com\/noticias-de-hidalgo\/wp-json\/wp\/v2\/posts\/589824","targetHints":{"allow":["GET"]}}],"collection":[{"href":"https:\/\/www.zunoticia.com\/noticias-de-hidalgo\/wp-json\/wp\/v2\/posts"}],"about":[{"href":"https:\/\/www.zunoticia.com\/noticias-de-hidalgo\/wp-json\/wp\/v2\/types\/post"}],"author":[{"embeddable":true,"href":"https:\/\/www.zunoticia.com\/noticias-de-hidalgo\/wp-json\/wp\/v2\/users\/20"}],"replies":[{"embeddable":true,"href":"https:\/\/www.zunoticia.com\/noticias-de-hidalgo\/wp-json\/wp\/v2\/comments?post=589824"}],"version-history":[{"count":1,"href":"https:\/\/www.zunoticia.com\/noticias-de-hidalgo\/wp-json\/wp\/v2\/posts\/589824\/revisions"}],"predecessor-version":[{"id":589826,"href":"https:\/\/www.zunoticia.com\/noticias-de-hidalgo\/wp-json\/wp\/v2\/posts\/589824\/revisions\/589826"}],"wp:featuredmedia":[{"embeddable":true,"href":"https:\/\/www.zunoticia.com\/noticias-de-hidalgo\/wp-json\/wp\/v2\/media\/589825"}],"wp:attachment":[{"href":"https:\/\/www.zunoticia.com\/noticias-de-hidalgo\/wp-json\/wp\/v2\/media?parent=589824"}],"wp:term":[{"taxonomy":"category","embeddable":true,"href":"https:\/\/www.zunoticia.com\/noticias-de-hidalgo\/wp-json\/wp\/v2\/categories?post=589824"},{"taxonomy":"post_tag","embeddable":true,"href":"https:\/\/www.zunoticia.com\/noticias-de-hidalgo\/wp-json\/wp\/v2\/tags?post=589824"}],"curies":[{"name":"wp","href":"https:\/\/api.w.org\/{rel}","templated":true}]}}