{"id":591621,"date":"2025-05-05T17:35:02","date_gmt":"2025-05-05T23:35:02","guid":{"rendered":"https:\/\/www.zunoticia.com\/noticias-de-hidalgo\/?p=591621"},"modified":"2025-05-05T17:35:03","modified_gmt":"2025-05-05T23:35:03","slug":"celebran-el-dia-del-nino-con-tematica-de-safari-y-senderismo","status":"publish","type":"post","link":"https:\/\/www.zunoticia.com\/noticias-de-hidalgo\/2025\/05\/05\/celebran-el-dia-del-nino-con-tematica-de-safari-y-senderismo\/","title":{"rendered":"Celebran el D\u00eda del Ni\u00f1o con tem\u00e1tica de safari y senderismo"},"content":{"rendered":"<aside class=\"mashsb-container mashsb-main mashsb-stretched\"><div class=\"mashsb-box\"><div class=\"mashsb-count mash-large\" style=\"float:left\"><div class=\"counts mashsbcount\">0<\/div><span class=\"mashsb-sharetext\">SHARES<\/span><\/div><div class=\"mashsb-buttons\"><a class=\"mashicon-facebook mash-large mash-center mashsb-noshadow\" href=\"https:\/\/www.facebook.com\/sharer.php?u=https%3A%2F%2Fwww.zunoticia.com%2Fnoticias-de-hidalgo%2F2025%2F05%2F05%2Fcelebran-el-dia-del-nino-con-tematica-de-safari-y-senderismo%2F\" target=\"_top\" rel=\"nofollow\"><span class=\"icon\"><\/span><span class=\"text\">Share<\/span><\/a><a class=\"mashicon-twitter mash-large mash-center mashsb-noshadow\" href=\"https:\/\/twitter.com\/intent\/tweet?text=&amp;url=https:\/\/www.zunoticia.com\/noticias-de-hidalgo\/2025\/05\/05\/celebran-el-dia-del-nino-con-tematica-de-safari-y-senderismo\/\" target=\"_top\" rel=\"nofollow\"><span class=\"icon\"><\/span><span class=\"text\">Tweet<\/span><\/a><div class=\"onoffswitch2 mash-large mashsb-noshadow\" style=\"display:none\"><\/div><\/div>\n            <\/div>\n                <div style=\"clear:both\"><\/div><div class=\"mashsb-toggle-container\"><\/div><\/aside>\n            <!-- Share buttons by mashshare.net - Version: 4.0.47-->\n<p><em>Por Karen Rivera \/ Zunoticia<\/em><\/p>\n\n\n\n<p><strong>Huautla, Hgo<\/strong>.\u2013 Con el objetivo de fomentar el amor por la naturaleza y el respeto al medio ambiente, el Jard\u00edn de Ni\u00f1os &#8220;Uetska Koneme&#8221;, celebr\u00f3 el D\u00eda del Ni\u00f1o con una divertida jornada de actividades bajo la tem\u00e1tica \u201cUna fiesta en el safari y senderismo\u201d.<\/p>\n\n\n\n<p>Las educadoras del plantel organizaron un programa especial para conmemorar esta fecha tan esperada por los peque\u00f1os, destacando la importancia de conocer y cuidar el entorno natural.<\/p>\n\n\n\n<figure class=\"wp-block-image size-full\"><img fetchpriority=\"high\" decoding=\"async\" width=\"933\" height=\"524\" src=\"https:\/\/www.zunoticia.com\/noticias-de-hidalgo\/wp-content\/uploads\/2025\/05\/Zunoticia-Huejutla-29.png\" alt=\"\" class=\"wp-image-591625\"\/><\/figure>\n\n\n\n<p>Durante la celebraci\u00f3n, los ni\u00f1os aprendieron sobre diversas especies que habitan en la regi\u00f3n, mientras participaban en actividades l\u00fadicas y educativas dentro de las instalaciones del k\u00ednder.<\/p>\n\n\n\n<p>El evento estuvo lleno de alegr\u00eda, sorpresas y momentos de aprendizaje, permitiendo que los menores disfrutaran de un d\u00eda inolvidable rodeados de sus compa\u00f1eros, maestras y la naturaleza.<\/p>\n\n\n\n<p>La actividad fue encabezada por la directora del plantel, Profesora Madelina Gonz\u00e1lez Bautista, quien, junto con su equipo de trabajo en coordinaci\u00f3n con los padres de familia, lograron llevar sonrisas y muchas sorpresas para los peque\u00f1os.<\/p>\n\n\n\n<figure class=\"wp-block-gallery has-nested-images columns-default is-cropped wp-block-gallery-1 is-layout-flex wp-block-gallery-is-layout-flex\">\n<figure class=\"wp-block-image size-large\"><img decoding=\"async\" width=\"933\" height=\"524\" data-id=\"591623\" src=\"https:\/\/www.zunoticia.com\/noticias-de-hidalgo\/wp-content\/uploads\/2025\/05\/Zunoticia-Huejutla-3-8.png\" alt=\"\" class=\"wp-image-591623\"\/><\/figure>\n\n\n\n<figure class=\"wp-block-image size-large\"><img decoding=\"async\" width=\"933\" height=\"524\" data-id=\"591624\" src=\"https:\/\/www.zunoticia.com\/noticias-de-hidalgo\/wp-content\/uploads\/2025\/05\/Zunoticia-Huejutla-2-12.png\" alt=\"\" class=\"wp-image-591624\"\/><\/figure>\n<\/figure>\n","protected":false},"excerpt":{"rendered":"<p>Por Karen Rivera \/ Zunoticia Huautla, Hgo.\u2013 Con el objetivo de fomentar el amor por la naturaleza y el respeto al medio ambiente, el Jard\u00edn de Ni\u00f1os &#8220;Uetska Koneme&#8221;, celebr\u00f3 el D\u00eda del Ni\u00f1o con una divertida jornada de actividades bajo la tem\u00e1tica \u201cUna fiesta en el safari y senderismo\u201d. Las educadoras del plantel organizaron&hellip; <a class=\"more-link\" href=\"https:\/\/www.zunoticia.com\/noticias-de-hidalgo\/2025\/05\/05\/celebran-el-dia-del-nino-con-tematica-de-safari-y-senderismo\/\">Seguir leyendo <span class=\"screen-reader-text\">Celebran el D\u00eda del Ni\u00f1o con tem\u00e1tica de safari y senderismo<\/span><\/a><\/p>\n","protected":false},"author":20,"featured_media":591622,"comment_status":"open","ping_status":"open","sticky":false,"template":"","format":"standard","meta":{"rop_custom_images_group":[],"rop_custom_messages_group":[],"rop_publish_now":"initial","rop_publish_now_accounts":{"facebook_10159540855086992_322828327761733":""},"rop_publish_now_history":[],"rop_publish_now_status":"pending","footnotes":""},"categories":[179,199],"tags":[229,125],"class_list":["post-591621","post","type-post","status-publish","format-standard","has-post-thumbnail","hentry","category-huasteca","category-huautla","tag-huasteca","tag-huautla","entry"],"_links":{"self":[{"href":"https:\/\/www.zunoticia.com\/noticias-de-hidalgo\/wp-json\/wp\/v2\/posts\/591621","targetHints":{"allow":["GET"]}}],"collection":[{"href":"https:\/\/www.zunoticia.com\/noticias-de-hidalgo\/wp-json\/wp\/v2\/posts"}],"about":[{"href":"https:\/\/www.zunoticia.com\/noticias-de-hidalgo\/wp-json\/wp\/v2\/types\/post"}],"author":[{"embeddable":true,"href":"https:\/\/www.zunoticia.com\/noticias-de-hidalgo\/wp-json\/wp\/v2\/users\/20"}],"replies":[{"embeddable":true,"href":"https:\/\/www.zunoticia.com\/noticias-de-hidalgo\/wp-json\/wp\/v2\/comments?post=591621"}],"version-history":[{"count":1,"href":"https:\/\/www.zunoticia.com\/noticias-de-hidalgo\/wp-json\/wp\/v2\/posts\/591621\/revisions"}],"predecessor-version":[{"id":591626,"href":"https:\/\/www.zunoticia.com\/noticias-de-hidalgo\/wp-json\/wp\/v2\/posts\/591621\/revisions\/591626"}],"wp:featuredmedia":[{"embeddable":true,"href":"https:\/\/www.zunoticia.com\/noticias-de-hidalgo\/wp-json\/wp\/v2\/media\/591622"}],"wp:attachment":[{"href":"https:\/\/www.zunoticia.com\/noticias-de-hidalgo\/wp-json\/wp\/v2\/media?parent=591621"}],"wp:term":[{"taxonomy":"category","embeddable":true,"href":"https:\/\/www.zunoticia.com\/noticias-de-hidalgo\/wp-json\/wp\/v2\/categories?post=591621"},{"taxonomy":"post_tag","embeddable":true,"href":"https:\/\/www.zunoticia.com\/noticias-de-hidalgo\/wp-json\/wp\/v2\/tags?post=591621"}],"curies":[{"name":"wp","href":"https:\/\/api.w.org\/{rel}","templated":true}]}}