{"id":593491,"date":"2025-05-21T09:21:53","date_gmt":"2025-05-21T15:21:53","guid":{"rendered":"https:\/\/www.zunoticia.com\/noticias-de-hidalgo\/?p=593491"},"modified":"2025-05-21T09:42:37","modified_gmt":"2025-05-21T15:42:37","slug":"murio-en-volcadura-en-la-mexico-tampico","status":"publish","type":"post","link":"https:\/\/www.zunoticia.com\/noticias-de-hidalgo\/2025\/05\/21\/murio-en-volcadura-en-la-mexico-tampico\/","title":{"rendered":"Muri\u00f3 en volcadura en la M\u00e9xico-Tampico"},"content":{"rendered":"<aside class=\"mashsb-container mashsb-main mashsb-stretched\"><div class=\"mashsb-box\"><div class=\"mashsb-count mash-large\" style=\"float:left\"><div class=\"counts mashsbcount\">0<\/div><span class=\"mashsb-sharetext\">SHARES<\/span><\/div><div class=\"mashsb-buttons\"><a class=\"mashicon-facebook mash-large mash-center mashsb-noshadow\" href=\"https:\/\/www.facebook.com\/sharer.php?u=https%3A%2F%2Fwww.zunoticia.com%2Fnoticias-de-hidalgo%2F2025%2F05%2F21%2Fmurio-en-volcadura-en-la-mexico-tampico%2F\" target=\"_top\" rel=\"nofollow\"><span class=\"icon\"><\/span><span class=\"text\">Share<\/span><\/a><a class=\"mashicon-twitter mash-large mash-center mashsb-noshadow\" href=\"https:\/\/twitter.com\/intent\/tweet?text=&amp;url=https:\/\/www.zunoticia.com\/noticias-de-hidalgo\/2025\/05\/21\/murio-en-volcadura-en-la-mexico-tampico\/\" target=\"_top\" rel=\"nofollow\"><span class=\"icon\"><\/span><span class=\"text\">Tweet<\/span><\/a><div class=\"onoffswitch2 mash-large mashsb-noshadow\" style=\"display:none\"><\/div><\/div>\n            <\/div>\n                <div style=\"clear:both\"><\/div><div class=\"mashsb-toggle-container\"><\/div><\/aside>\n            <!-- Share buttons by mashshare.net - Version: 4.0.47-->\n<p><em>Por Roberto Ram\u00edrez \/Zunoticia<\/em><\/p>\n\n\n\n<p><strong>Zacualtipan, Hgo. \u2013<\/strong> Conductor de una autom\u00f3vil sufri\u00f3 una aparatosa salida de camino y posterior volcadura, falleciendo en el accidente que se suscit\u00f3 sobre la v\u00eda federal M\u00e9xico-Tampico, cuerpos de emergencia llegaron al lugar y confirmaron el deceso.<\/p>\n\n\n\n<p>Fuentes polic\u00edacas informaron que fue la tarde del pasado martes que un conductor de un autom\u00f3vil tipo Chevrolet Chevy color rojo, sufri\u00f3 un terrible accidente, en el hecho muri\u00f3 una persona de manera instant\u00e1nea al sufrir graves lesiones, param\u00e9dicos aun llegaron al lugar para descender una pendiente y detectaron que ya no contaba con signos vitales.<\/p>\n\n\n\n<figure class=\"wp-block-image size-full\"><img fetchpriority=\"high\" decoding=\"async\" width=\"1080\" height=\"915\" src=\"https:\/\/www.zunoticia.com\/noticias-de-hidalgo\/wp-content\/uploads\/2025\/05\/Fallecion-conducto-2.jpeg\" alt=\"\" class=\"wp-image-593493\"\/><figcaption class=\"wp-element-caption\">Foto Zunoticia: Conductor falleci\u00f3 en volcadura<\/figcaption><\/figure>\n\n\n\n<p>El lugar fue acordonado por polic\u00edas municipales, estatales y de la Guardia Nacional Carreteras, m\u00e1s tarde arribaron peritos de la Agencia del Ministerio P\u00fablico de esta ciudad, as\u00ed como agentes ministeriales para las diligencias y ordenar el traslado del cad\u00e1ver al servicio m\u00e9dico forense.<\/p>\n","protected":false},"excerpt":{"rendered":"<p>Por Roberto Ram\u00edrez \/Zunoticia Zacualtipan, Hgo. \u2013 Conductor de una autom\u00f3vil sufri\u00f3 una aparatosa salida de camino y posterior volcadura, falleciendo en el accidente que se suscit\u00f3 sobre la v\u00eda federal M\u00e9xico-Tampico, cuerpos de emergencia llegaron al lugar y confirmaron el deceso. Fuentes polic\u00edacas informaron que fue la tarde del pasado martes que un conductor&hellip; <a class=\"more-link\" href=\"https:\/\/www.zunoticia.com\/noticias-de-hidalgo\/2025\/05\/21\/murio-en-volcadura-en-la-mexico-tampico\/\">Seguir leyendo <span class=\"screen-reader-text\">Muri\u00f3 en volcadura en la M\u00e9xico-Tampico<\/span><\/a><\/p>\n","protected":false},"author":23,"featured_media":593492,"comment_status":"open","ping_status":"open","sticky":false,"template":"","format":"standard","meta":{"rop_custom_images_group":[],"rop_custom_messages_group":[],"rop_publish_now":"initial","rop_publish_now_accounts":{"facebook_10159540855086992_322828327761733":""},"rop_publish_now_history":[],"rop_publish_now_status":"pending","footnotes":""},"categories":[178,441],"tags":[259],"class_list":["post-593491","post","type-post","status-publish","format-standard","has-post-thumbnail","hentry","category-policiaca","category-zacualtipan-sierra-alta","tag-policiaca","entry"],"_links":{"self":[{"href":"https:\/\/www.zunoticia.com\/noticias-de-hidalgo\/wp-json\/wp\/v2\/posts\/593491","targetHints":{"allow":["GET"]}}],"collection":[{"href":"https:\/\/www.zunoticia.com\/noticias-de-hidalgo\/wp-json\/wp\/v2\/posts"}],"about":[{"href":"https:\/\/www.zunoticia.com\/noticias-de-hidalgo\/wp-json\/wp\/v2\/types\/post"}],"author":[{"embeddable":true,"href":"https:\/\/www.zunoticia.com\/noticias-de-hidalgo\/wp-json\/wp\/v2\/users\/23"}],"replies":[{"embeddable":true,"href":"https:\/\/www.zunoticia.com\/noticias-de-hidalgo\/wp-json\/wp\/v2\/comments?post=593491"}],"version-history":[{"count":2,"href":"https:\/\/www.zunoticia.com\/noticias-de-hidalgo\/wp-json\/wp\/v2\/posts\/593491\/revisions"}],"predecessor-version":[{"id":593495,"href":"https:\/\/www.zunoticia.com\/noticias-de-hidalgo\/wp-json\/wp\/v2\/posts\/593491\/revisions\/593495"}],"wp:featuredmedia":[{"embeddable":true,"href":"https:\/\/www.zunoticia.com\/noticias-de-hidalgo\/wp-json\/wp\/v2\/media\/593492"}],"wp:attachment":[{"href":"https:\/\/www.zunoticia.com\/noticias-de-hidalgo\/wp-json\/wp\/v2\/media?parent=593491"}],"wp:term":[{"taxonomy":"category","embeddable":true,"href":"https:\/\/www.zunoticia.com\/noticias-de-hidalgo\/wp-json\/wp\/v2\/categories?post=593491"},{"taxonomy":"post_tag","embeddable":true,"href":"https:\/\/www.zunoticia.com\/noticias-de-hidalgo\/wp-json\/wp\/v2\/tags?post=593491"}],"curies":[{"name":"wp","href":"https:\/\/api.w.org\/{rel}","templated":true}]}}