{"id":593499,"date":"2025-05-21T10:40:01","date_gmt":"2025-05-21T16:40:01","guid":{"rendered":"https:\/\/www.zunoticia.com\/noticias-de-hidalgo\/?p=593499"},"modified":"2025-05-21T10:40:12","modified_gmt":"2025-05-21T16:40:12","slug":"secretaria-del-trabajo-y-prevision-social-coordina-salida-de-jornaleros-agricolas-a-coahuila","status":"publish","type":"post","link":"https:\/\/www.zunoticia.com\/noticias-de-hidalgo\/2025\/05\/21\/secretaria-del-trabajo-y-prevision-social-coordina-salida-de-jornaleros-agricolas-a-coahuila\/","title":{"rendered":"Secretar\u00eda del Trabajo y Previsi\u00f3n Social coordina salida de jornaleros agr\u00edcolas a Coahuila"},"content":{"rendered":"<aside class=\"mashsb-container mashsb-main mashsb-stretched\"><div class=\"mashsb-box\"><div class=\"mashsb-count mash-large\" style=\"float:left\"><div class=\"counts mashsbcount\">0<\/div><span class=\"mashsb-sharetext\">SHARES<\/span><\/div><div class=\"mashsb-buttons\"><a class=\"mashicon-facebook mash-large mash-center mashsb-noshadow\" href=\"https:\/\/www.facebook.com\/sharer.php?u=https%3A%2F%2Fwww.zunoticia.com%2Fnoticias-de-hidalgo%2F2025%2F05%2F21%2Fsecretaria-del-trabajo-y-prevision-social-coordina-salida-de-jornaleros-agricolas-a-coahuila%2F\" target=\"_top\" rel=\"nofollow\"><span class=\"icon\"><\/span><span class=\"text\">Share<\/span><\/a><a class=\"mashicon-twitter mash-large mash-center mashsb-noshadow\" href=\"https:\/\/twitter.com\/intent\/tweet?text=&amp;url=https:\/\/www.zunoticia.com\/noticias-de-hidalgo\/2025\/05\/21\/secretaria-del-trabajo-y-prevision-social-coordina-salida-de-jornaleros-agricolas-a-coahuila\/\" target=\"_top\" rel=\"nofollow\"><span class=\"icon\"><\/span><span class=\"text\">Tweet<\/span><\/a><div class=\"onoffswitch2 mash-large mashsb-noshadow\" style=\"display:none\"><\/div><\/div>\n            <\/div>\n                <div style=\"clear:both\"><\/div><div class=\"mashsb-toggle-container\"><\/div><\/aside>\n            <!-- Share buttons by mashshare.net - Version: 4.0.47-->\n<p><em>Por Enedino Hern\u00e1ndez Alonso\/Zunoticia<\/em><\/p>\n\n\n\n<p><strong>Huejutla, Hidalgo. &#8211;<\/strong> Con el objetivo principal de promover una movilidad laboral segura y ordenada, personal de la Secretar\u00eda del Trabajo y Previsi\u00f3n Social estuvieron en esta zona de la Huasteca para coordinar la salida de un grupo de jornaleros agr\u00edcolas.<\/p>\n\n\n\n<p>Las actividades se desarrollaron ante la presencia del secretario de Trabajo y Previsi\u00f3n Social, Oscar Javier Gonz\u00e1lez Hern\u00e1ndez, a trav\u00e9s del Servicio Nacional de Empleo Hidalgo, junto con las autoridades municipales de Yahualica y la empresa contratante, mismos que coordinaron los trabajos y acciones de la salida de los jornaleros agr\u00edcolas hacia el estado de Coahuila.<\/p>\n\n\n\n<figure class=\"wp-block-image size-full\"><img fetchpriority=\"high\" decoding=\"async\" width=\"1600\" height=\"1234\" src=\"https:\/\/www.zunoticia.com\/noticias-de-hidalgo\/wp-content\/uploads\/2025\/05\/Coordinacion-de-jornaleros-STPS-Hgo-2.jpeg\" alt=\"\" class=\"wp-image-593501\"\/><figcaption class=\"wp-element-caption\">Foto Zunoticia: STPS coordina salida de jornaleros agr\u00edcolas a Coahuila<\/figcaption><\/figure>\n\n\n\n<p>Asimismo, se destaca que con estos trabajos de coordinaci\u00f3n los jornaleros agr\u00edcolas desempe\u00f1ar\u00e1n un trabajo temporal en condiciones formales, con pleno respeto a sus derechos laborales y humanos.<\/p>\n\n\n\n<p>Durante la actividad tambi\u00e9n se cont\u00f3 con la presencia de la directora de Vinculaci\u00f3n y Movilidad Laboral, Zully Amairany Rivera Ju\u00e1rez y la coordinadora de Movilidad Laboral, Citlali Jimenez Rubio.<\/p>\n\n\n\n<figure class=\"wp-block-image size-full\"><img decoding=\"async\" width=\"1600\" height=\"1067\" src=\"https:\/\/www.zunoticia.com\/noticias-de-hidalgo\/wp-content\/uploads\/2025\/05\/Coordinacion-de-jornaleros-STPS-Hgo-3.jpeg\" alt=\"\" class=\"wp-image-593502\"\/><figcaption class=\"wp-element-caption\">Foto Zunoticia: STPS coordina salida de jornaleros agr\u00edcolas a Coahuila<\/figcaption><\/figure>\n","protected":false},"excerpt":{"rendered":"<p>Por Enedino Hern\u00e1ndez Alonso\/Zunoticia Huejutla, Hidalgo. &#8211; Con el objetivo principal de promover una movilidad laboral segura y ordenada, personal de la Secretar\u00eda del Trabajo y Previsi\u00f3n Social estuvieron en esta zona de la Huasteca para coordinar la salida de un grupo de jornaleros agr\u00edcolas. Las actividades se desarrollaron ante la presencia del secretario de&hellip; <a class=\"more-link\" href=\"https:\/\/www.zunoticia.com\/noticias-de-hidalgo\/2025\/05\/21\/secretaria-del-trabajo-y-prevision-social-coordina-salida-de-jornaleros-agricolas-a-coahuila\/\">Seguir leyendo <span class=\"screen-reader-text\">Secretar\u00eda del Trabajo y Previsi\u00f3n Social coordina salida de jornaleros agr\u00edcolas a Coahuila<\/span><\/a><\/p>\n","protected":false},"author":23,"featured_media":593500,"comment_status":"open","ping_status":"open","sticky":false,"template":"","format":"standard","meta":{"rop_custom_images_group":[],"rop_custom_messages_group":[],"rop_publish_now":"initial","rop_publish_now_accounts":{"facebook_10159540855086992_322828327761733":""},"rop_publish_now_history":[],"rop_publish_now_status":"pending","footnotes":""},"categories":[181],"tags":[121],"class_list":["post-593499","post","type-post","status-publish","format-standard","has-post-thumbnail","hentry","category-huejutla","tag-huejutla","entry"],"_links":{"self":[{"href":"https:\/\/www.zunoticia.com\/noticias-de-hidalgo\/wp-json\/wp\/v2\/posts\/593499","targetHints":{"allow":["GET"]}}],"collection":[{"href":"https:\/\/www.zunoticia.com\/noticias-de-hidalgo\/wp-json\/wp\/v2\/posts"}],"about":[{"href":"https:\/\/www.zunoticia.com\/noticias-de-hidalgo\/wp-json\/wp\/v2\/types\/post"}],"author":[{"embeddable":true,"href":"https:\/\/www.zunoticia.com\/noticias-de-hidalgo\/wp-json\/wp\/v2\/users\/23"}],"replies":[{"embeddable":true,"href":"https:\/\/www.zunoticia.com\/noticias-de-hidalgo\/wp-json\/wp\/v2\/comments?post=593499"}],"version-history":[{"count":1,"href":"https:\/\/www.zunoticia.com\/noticias-de-hidalgo\/wp-json\/wp\/v2\/posts\/593499\/revisions"}],"predecessor-version":[{"id":593503,"href":"https:\/\/www.zunoticia.com\/noticias-de-hidalgo\/wp-json\/wp\/v2\/posts\/593499\/revisions\/593503"}],"wp:featuredmedia":[{"embeddable":true,"href":"https:\/\/www.zunoticia.com\/noticias-de-hidalgo\/wp-json\/wp\/v2\/media\/593500"}],"wp:attachment":[{"href":"https:\/\/www.zunoticia.com\/noticias-de-hidalgo\/wp-json\/wp\/v2\/media?parent=593499"}],"wp:term":[{"taxonomy":"category","embeddable":true,"href":"https:\/\/www.zunoticia.com\/noticias-de-hidalgo\/wp-json\/wp\/v2\/categories?post=593499"},{"taxonomy":"post_tag","embeddable":true,"href":"https:\/\/www.zunoticia.com\/noticias-de-hidalgo\/wp-json\/wp\/v2\/tags?post=593499"}],"curies":[{"name":"wp","href":"https:\/\/api.w.org\/{rel}","templated":true}]}}