{"id":593504,"date":"2025-05-21T10:53:31","date_gmt":"2025-05-21T16:53:31","guid":{"rendered":"https:\/\/www.zunoticia.com\/noticias-de-hidalgo\/?p=593504"},"modified":"2025-05-21T10:53:34","modified_gmt":"2025-05-21T16:53:34","slug":"retuvieron-electricistas-en-dos-colonias-por-apagones","status":"publish","type":"post","link":"https:\/\/www.zunoticia.com\/noticias-de-hidalgo\/2025\/05\/21\/retuvieron-electricistas-en-dos-colonias-por-apagones\/","title":{"rendered":"Retuvieron electricistas en dos colonias por apagones"},"content":{"rendered":"<aside class=\"mashsb-container mashsb-main mashsb-stretched\"><div class=\"mashsb-box\"><div class=\"mashsb-count mash-large\" style=\"float:left\"><div class=\"counts mashsbcount\">0<\/div><span class=\"mashsb-sharetext\">SHARES<\/span><\/div><div class=\"mashsb-buttons\"><a class=\"mashicon-facebook mash-large mash-center mashsb-noshadow\" href=\"https:\/\/www.facebook.com\/sharer.php?u=https%3A%2F%2Fwww.zunoticia.com%2Fnoticias-de-hidalgo%2F2025%2F05%2F21%2Fretuvieron-electricistas-en-dos-colonias-por-apagones%2F\" target=\"_top\" rel=\"nofollow\"><span class=\"icon\"><\/span><span class=\"text\">Share<\/span><\/a><a class=\"mashicon-twitter mash-large mash-center mashsb-noshadow\" href=\"https:\/\/twitter.com\/intent\/tweet?text=&amp;url=https:\/\/www.zunoticia.com\/noticias-de-hidalgo\/2025\/05\/21\/retuvieron-electricistas-en-dos-colonias-por-apagones\/\" target=\"_top\" rel=\"nofollow\"><span class=\"icon\"><\/span><span class=\"text\">Tweet<\/span><\/a><div class=\"onoffswitch2 mash-large mashsb-noshadow\" style=\"display:none\"><\/div><\/div>\n            <\/div>\n                <div style=\"clear:both\"><\/div><div class=\"mashsb-toggle-container\"><\/div><\/aside>\n            <!-- Share buttons by mashshare.net - Version: 4.0.47-->\n<p><em>Por Roberto Ram\u00edrez \/Zunoticia<\/em><\/p>\n\n\n\n<p><strong>Huejutla, Hgo. &#8211;<\/strong> Empleados de la Comisi\u00f3n Federal de Electricidad, fueron retenidos por vecinos de dos colonias de esta ciudad lo anterior ante la serie de apagones que se han registrado en los \u00faltimos d\u00edas y a pesar de los m\u00faltiples llamados, hab\u00edan hecho caso omiso en restablecer ese servicio.<\/p>\n\n\n\n<p>La primera retenci\u00f3n se dio en la colonia Santa Irene, donde los colonos se organizaron y acudieron a las oficinas de esa dependencia para protestar por la falta de luz de hace 4 d\u00edas, m\u00e1s tarde retuvieron a varios trabajadores para presionar, en la reparaci\u00f3n de los desperfectos en los transformadores.<\/p>\n\n\n\n<figure class=\"wp-block-image size-full\"><img fetchpriority=\"high\" decoding=\"async\" width=\"1280\" height=\"720\" src=\"https:\/\/www.zunoticia.com\/noticias-de-hidalgo\/wp-content\/uploads\/2025\/05\/Retuvieron-electricistas-2.jpeg\" alt=\"\" class=\"wp-image-593506\"\/><figcaption class=\"wp-element-caption\">Foto Zunoticia: Retuvieron electricistas en dos colonias<\/figcaption><\/figure>\n\n\n\n<p>Una m\u00e1s retenci\u00f3n tambi\u00e9n ocurri\u00f3 la colonia Tepoxtequito de esta ciudad, donde los vecinos aplicaron los usos y costumbres a los electricistas ya que llevan varios d\u00edas sin el servicio de electricidad y hacen caso omiso de reportes que hacen que se realizan a la compa\u00f1\u00eda de luz.<\/p>\n\n\n\n<p>Hasta la madrugada de este mi\u00e9rcoles los empleados de la CFE continuaban laborando, tratando de restablecer el servicio.<\/p>\n","protected":false},"excerpt":{"rendered":"<p>Por Roberto Ram\u00edrez \/Zunoticia Huejutla, Hgo. &#8211; Empleados de la Comisi\u00f3n Federal de Electricidad, fueron retenidos por vecinos de dos colonias de esta ciudad lo anterior ante la serie de apagones que se han registrado en los \u00faltimos d\u00edas y a pesar de los m\u00faltiples llamados, hab\u00edan hecho caso omiso en restablecer ese servicio. La&hellip; <a class=\"more-link\" href=\"https:\/\/www.zunoticia.com\/noticias-de-hidalgo\/2025\/05\/21\/retuvieron-electricistas-en-dos-colonias-por-apagones\/\">Seguir leyendo <span class=\"screen-reader-text\">Retuvieron electricistas en dos colonias por apagones<\/span><\/a><\/p>\n","protected":false},"author":23,"featured_media":593505,"comment_status":"open","ping_status":"open","sticky":false,"template":"","format":"standard","meta":{"rop_custom_images_group":[],"rop_custom_messages_group":[],"rop_publish_now":"initial","rop_publish_now_accounts":{"facebook_10159540855086992_322828327761733":""},"rop_publish_now_history":[],"rop_publish_now_status":"pending","footnotes":""},"categories":[181,178],"tags":[259],"class_list":["post-593504","post","type-post","status-publish","format-standard","has-post-thumbnail","hentry","category-huejutla","category-policiaca","tag-policiaca","entry"],"_links":{"self":[{"href":"https:\/\/www.zunoticia.com\/noticias-de-hidalgo\/wp-json\/wp\/v2\/posts\/593504","targetHints":{"allow":["GET"]}}],"collection":[{"href":"https:\/\/www.zunoticia.com\/noticias-de-hidalgo\/wp-json\/wp\/v2\/posts"}],"about":[{"href":"https:\/\/www.zunoticia.com\/noticias-de-hidalgo\/wp-json\/wp\/v2\/types\/post"}],"author":[{"embeddable":true,"href":"https:\/\/www.zunoticia.com\/noticias-de-hidalgo\/wp-json\/wp\/v2\/users\/23"}],"replies":[{"embeddable":true,"href":"https:\/\/www.zunoticia.com\/noticias-de-hidalgo\/wp-json\/wp\/v2\/comments?post=593504"}],"version-history":[{"count":1,"href":"https:\/\/www.zunoticia.com\/noticias-de-hidalgo\/wp-json\/wp\/v2\/posts\/593504\/revisions"}],"predecessor-version":[{"id":593507,"href":"https:\/\/www.zunoticia.com\/noticias-de-hidalgo\/wp-json\/wp\/v2\/posts\/593504\/revisions\/593507"}],"wp:featuredmedia":[{"embeddable":true,"href":"https:\/\/www.zunoticia.com\/noticias-de-hidalgo\/wp-json\/wp\/v2\/media\/593505"}],"wp:attachment":[{"href":"https:\/\/www.zunoticia.com\/noticias-de-hidalgo\/wp-json\/wp\/v2\/media?parent=593504"}],"wp:term":[{"taxonomy":"category","embeddable":true,"href":"https:\/\/www.zunoticia.com\/noticias-de-hidalgo\/wp-json\/wp\/v2\/categories?post=593504"},{"taxonomy":"post_tag","embeddable":true,"href":"https:\/\/www.zunoticia.com\/noticias-de-hidalgo\/wp-json\/wp\/v2\/tags?post=593504"}],"curies":[{"name":"wp","href":"https:\/\/api.w.org\/{rel}","templated":true}]}}