{"id":593508,"date":"2025-05-21T11:02:37","date_gmt":"2025-05-21T17:02:37","guid":{"rendered":"https:\/\/www.zunoticia.com\/noticias-de-hidalgo\/?p=593508"},"modified":"2025-05-21T11:02:40","modified_gmt":"2025-05-21T17:02:40","slug":"rescataron-sano-y-salvo-a-anciano-desaparecido","status":"publish","type":"post","link":"https:\/\/www.zunoticia.com\/noticias-de-hidalgo\/2025\/05\/21\/rescataron-sano-y-salvo-a-anciano-desaparecido\/","title":{"rendered":"Rescataron sano y salvo a anciano desaparecido"},"content":{"rendered":"<aside class=\"mashsb-container mashsb-main mashsb-stretched\"><div class=\"mashsb-box\"><div class=\"mashsb-count mash-large\" style=\"float:left\"><div class=\"counts mashsbcount\">0<\/div><span class=\"mashsb-sharetext\">SHARES<\/span><\/div><div class=\"mashsb-buttons\"><a class=\"mashicon-facebook mash-large mash-center mashsb-noshadow\" href=\"https:\/\/www.facebook.com\/sharer.php?u=https%3A%2F%2Fwww.zunoticia.com%2Fnoticias-de-hidalgo%2F2025%2F05%2F21%2Frescataron-sano-y-salvo-a-anciano-desaparecido%2F\" target=\"_top\" rel=\"nofollow\"><span class=\"icon\"><\/span><span class=\"text\">Share<\/span><\/a><a class=\"mashicon-twitter mash-large mash-center mashsb-noshadow\" href=\"https:\/\/twitter.com\/intent\/tweet?text=&amp;url=https:\/\/www.zunoticia.com\/noticias-de-hidalgo\/2025\/05\/21\/rescataron-sano-y-salvo-a-anciano-desaparecido\/\" target=\"_top\" rel=\"nofollow\"><span class=\"icon\"><\/span><span class=\"text\">Tweet<\/span><\/a><div class=\"onoffswitch2 mash-large mashsb-noshadow\" style=\"display:none\"><\/div><\/div>\n            <\/div>\n                <div style=\"clear:both\"><\/div><div class=\"mashsb-toggle-container\"><\/div><\/aside>\n            <!-- Share buttons by mashshare.net - Version: 4.0.47-->\n<p><em>Por Roberto Ram\u00edrez \/Zunoticia<\/em><\/p>\n\n\n\n<p><strong>Calnali, Hgo. &#8211;<\/strong> Movilizaci\u00f3n polic\u00edaca y de protecci\u00f3n civil municipal gener\u00f3 el reporte de un abuelito que se perdi\u00f3 en el monte en este municipio, fueron sus familiares quienes reportaron que el adulto mayor no hab\u00eda llegado su casa y tem\u00edan por su integridad f\u00edsica.<\/p>\n\n\n\n<p>Fuentes polic\u00edacas informaron que el abuelito de nombre Bonifacio H. V. de la comunidad de Tochitl\u00e1n, lo reportaron como desaparecido, por lo que elementos de la Secretar\u00eda de Seguridad P\u00fablica Municipal Protecci\u00f3n Civil y habitantes, implementaron un operativo para su b\u00fasqueda.<\/p>\n\n\n\n<figure class=\"wp-block-image size-full\"><img fetchpriority=\"high\" decoding=\"async\" width=\"1280\" height=\"744\" src=\"https:\/\/www.zunoticia.com\/noticias-de-hidalgo\/wp-content\/uploads\/2025\/05\/Encontraron-abuelito-desaparecido-2.jpeg\" alt=\"\" class=\"wp-image-593510\"\/><figcaption class=\"wp-element-caption\">Foto Zunoticia: Hallaron abuelito sano y salvo<\/figcaption><\/figure>\n\n\n\n<p>Tras haber implementado el rastreo momentos m\u00e1s tarde hallaron sano y salvo el abuelito en la orilla de un potrero y fue trasladado a su domicilio para entregar a sus familiares, de esta forma gracias a la coordinaci\u00f3n de trabajo de polic\u00edas municipales, protecci\u00f3n civil municipal y habitantes lograron encontrarlo.<\/p>\n","protected":false},"excerpt":{"rendered":"<p>Por Roberto Ram\u00edrez \/Zunoticia Calnali, Hgo. &#8211; Movilizaci\u00f3n polic\u00edaca y de protecci\u00f3n civil municipal gener\u00f3 el reporte de un abuelito que se perdi\u00f3 en el monte en este municipio, fueron sus familiares quienes reportaron que el adulto mayor no hab\u00eda llegado su casa y tem\u00edan por su integridad f\u00edsica. Fuentes polic\u00edacas informaron que el abuelito&hellip; <a class=\"more-link\" href=\"https:\/\/www.zunoticia.com\/noticias-de-hidalgo\/2025\/05\/21\/rescataron-sano-y-salvo-a-anciano-desaparecido\/\">Seguir leyendo <span class=\"screen-reader-text\">Rescataron sano y salvo a anciano desaparecido<\/span><\/a><\/p>\n","protected":false},"author":23,"featured_media":593509,"comment_status":"open","ping_status":"open","sticky":false,"template":"","format":"standard","meta":{"rop_custom_images_group":[],"rop_custom_messages_group":[],"rop_publish_now":"initial","rop_publish_now_accounts":{"facebook_10159540855086992_322828327761733":""},"rop_publish_now_history":[],"rop_publish_now_status":"pending","footnotes":""},"categories":[222,178],"tags":[259],"class_list":["post-593508","post","type-post","status-publish","format-standard","has-post-thumbnail","hentry","category-calnali","category-policiaca","tag-policiaca","entry"],"_links":{"self":[{"href":"https:\/\/www.zunoticia.com\/noticias-de-hidalgo\/wp-json\/wp\/v2\/posts\/593508","targetHints":{"allow":["GET"]}}],"collection":[{"href":"https:\/\/www.zunoticia.com\/noticias-de-hidalgo\/wp-json\/wp\/v2\/posts"}],"about":[{"href":"https:\/\/www.zunoticia.com\/noticias-de-hidalgo\/wp-json\/wp\/v2\/types\/post"}],"author":[{"embeddable":true,"href":"https:\/\/www.zunoticia.com\/noticias-de-hidalgo\/wp-json\/wp\/v2\/users\/23"}],"replies":[{"embeddable":true,"href":"https:\/\/www.zunoticia.com\/noticias-de-hidalgo\/wp-json\/wp\/v2\/comments?post=593508"}],"version-history":[{"count":1,"href":"https:\/\/www.zunoticia.com\/noticias-de-hidalgo\/wp-json\/wp\/v2\/posts\/593508\/revisions"}],"predecessor-version":[{"id":593511,"href":"https:\/\/www.zunoticia.com\/noticias-de-hidalgo\/wp-json\/wp\/v2\/posts\/593508\/revisions\/593511"}],"wp:featuredmedia":[{"embeddable":true,"href":"https:\/\/www.zunoticia.com\/noticias-de-hidalgo\/wp-json\/wp\/v2\/media\/593509"}],"wp:attachment":[{"href":"https:\/\/www.zunoticia.com\/noticias-de-hidalgo\/wp-json\/wp\/v2\/media?parent=593508"}],"wp:term":[{"taxonomy":"category","embeddable":true,"href":"https:\/\/www.zunoticia.com\/noticias-de-hidalgo\/wp-json\/wp\/v2\/categories?post=593508"},{"taxonomy":"post_tag","embeddable":true,"href":"https:\/\/www.zunoticia.com\/noticias-de-hidalgo\/wp-json\/wp\/v2\/tags?post=593508"}],"curies":[{"name":"wp","href":"https:\/\/api.w.org\/{rel}","templated":true}]}}