{"id":593520,"date":"2025-05-21T13:48:50","date_gmt":"2025-05-21T19:48:50","guid":{"rendered":"https:\/\/www.zunoticia.com\/noticias-de-hidalgo\/?p=593520"},"modified":"2025-05-21T13:48:52","modified_gmt":"2025-05-21T19:48:52","slug":"ayuntamiento-conmemoro-el-159-aniv-de-la-gesta-de-antonio-reyes-cabrera-el-tordo","status":"publish","type":"post","link":"https:\/\/www.zunoticia.com\/noticias-de-hidalgo\/2025\/05\/21\/ayuntamiento-conmemoro-el-159-aniv-de-la-gesta-de-antonio-reyes-cabrera-el-tordo\/","title":{"rendered":"Ayuntamiento conmemor\u00f3 el 159 aniv. de la gesta de Antonio Reyes Cabrera &#8220;El Tordo&#8221;"},"content":{"rendered":"<aside class=\"mashsb-container mashsb-main mashsb-stretched\"><div class=\"mashsb-box\"><div class=\"mashsb-count mash-large\" style=\"float:left\"><div class=\"counts mashsbcount\">0<\/div><span class=\"mashsb-sharetext\">SHARES<\/span><\/div><div class=\"mashsb-buttons\"><a class=\"mashicon-facebook mash-large mash-center mashsb-noshadow\" href=\"https:\/\/www.facebook.com\/sharer.php?u=https%3A%2F%2Fwww.zunoticia.com%2Fnoticias-de-hidalgo%2F2025%2F05%2F21%2Fayuntamiento-conmemoro-el-159-aniv-de-la-gesta-de-antonio-reyes-cabrera-el-tordo%2F\" target=\"_top\" rel=\"nofollow\"><span class=\"icon\"><\/span><span class=\"text\">Share<\/span><\/a><a class=\"mashicon-twitter mash-large mash-center mashsb-noshadow\" href=\"https:\/\/twitter.com\/intent\/tweet?text=&amp;url=https:\/\/www.zunoticia.com\/noticias-de-hidalgo\/2025\/05\/21\/ayuntamiento-conmemoro-el-159-aniv-de-la-gesta-de-antonio-reyes-cabrera-el-tordo\/\" target=\"_top\" rel=\"nofollow\"><span class=\"icon\"><\/span><span class=\"text\">Tweet<\/span><\/a><div class=\"onoffswitch2 mash-large mashsb-noshadow\" style=\"display:none\"><\/div><\/div>\n            <\/div>\n                <div style=\"clear:both\"><\/div><div class=\"mashsb-toggle-container\"><\/div><\/aside>\n            <!-- Share buttons by mashshare.net - Version: 4.0.47-->\n<p><em>Por Salvador Altamirano\/Zunoticia<\/em><\/p>\n\n\n\n<p><strong>Huejutla, Hgo.-<\/strong> Personal adscrito al Ayuntamiento que preside Alfredo San Rom\u00e1n Duval, conmemor\u00f3 este mi\u00e9rcoles 21 de nayo, en emotivo acto c\u00edvico, el 159 aniversario de la gesta heroica de Antonio Reyes Cabrera &#8220;El Tordo&#8221;.<\/p>\n\n\n\n<p>Al evento, que tuvo efecto a las 08:00 horas en la Plaza de la Revoluci\u00f3n Mexicana, inici\u00f3 con los honores patrios bajo las notas de la banda de guerra del Colegio de Bachilleres del Estado de Hidalgo (COBAEH), y el izamiento de la Bandera Nacional por la escolta de la Secretaria de Seguridad P\u00fablica Municipal (SSPM); acudi\u00f3 en representaci\u00f3n del alcalde el secretario municipal Jos\u00e9 Luis Fayad Torres.<\/p>\n\n\n\n<p>Correspondi\u00f3 a la alumna de la Escuela Secundaria General H\u00e9roe Antonio Reyes (ESGHAR), Abigail Victoria Azuara L\u00f3pez, dar lectura a la rese\u00f1a hist\u00f3rica del transcendental acontecimiento, que tuvo efecto el 21 de mayo de 1866; y posteriormente, Gabriel de Jes\u00fas Vite Bautista, del &#8220;Club Acad\u00e9mico Mentes Creativas&#8221;, de Tehuetl\u00e1n, expres\u00f3 un poema de su autor\u00eda alusivo al h\u00e9roe local.<\/p>\n\n\n\n<p>Es oportuno mencionar que, al significativo evento acudieron alumnos de la &#8220;Escuela Primaria Antonio Reyes&#8221;, de Barrio Arriba, as\u00ed como del ESGHAR.<\/p>\n\n\n\n<p>Concluido el evento c\u00edvico, la comitiva municipal se traslad\u00f3 a la Plaza 21 de Mayo, en donde coloc\u00f3 una ofrenda floral e hizo guardia de honor en el busto del h\u00e9roe; despu\u00e9s acudi\u00f3 a Barrio Arriba en donde hicieron lo propio en la estatua y obelisco del acceso del Pante\u00f3n Municipal.<\/p>\n\n\n\n<figure class=\"wp-block-gallery has-nested-images columns-default is-cropped wp-block-gallery-1 is-layout-flex wp-block-gallery-is-layout-flex\">\n<figure class=\"wp-block-image size-large\"><img fetchpriority=\"high\" decoding=\"async\" width=\"933\" height=\"524\" data-id=\"593523\" src=\"https:\/\/www.zunoticia.com\/noticias-de-hidalgo\/wp-content\/uploads\/2025\/05\/Zunoticia-Huejutla-3-26.png\" alt=\"\" class=\"wp-image-593523\"\/><\/figure>\n\n\n\n<figure class=\"wp-block-image size-large\"><img decoding=\"async\" width=\"933\" height=\"524\" data-id=\"593522\" src=\"https:\/\/www.zunoticia.com\/noticias-de-hidalgo\/wp-content\/uploads\/2025\/05\/Zunoticia-Huejutla-2-75.png\" alt=\"\" class=\"wp-image-593522\"\/><\/figure>\n\n\n\n<figure class=\"wp-block-image size-large\"><img decoding=\"async\" width=\"933\" height=\"524\" data-id=\"593524\" src=\"https:\/\/www.zunoticia.com\/noticias-de-hidalgo\/wp-content\/uploads\/2025\/05\/Zunoticia-Huejutla-1-165.png\" alt=\"\" class=\"wp-image-593524\"\/><\/figure>\n<\/figure>\n","protected":false},"excerpt":{"rendered":"<p>Por Salvador Altamirano\/Zunoticia Huejutla, Hgo.- Personal adscrito al Ayuntamiento que preside Alfredo San Rom\u00e1n Duval, conmemor\u00f3 este mi\u00e9rcoles 21 de nayo, en emotivo acto c\u00edvico, el 159 aniversario de la gesta heroica de Antonio Reyes Cabrera &#8220;El Tordo&#8221;. Al evento, que tuvo efecto a las 08:00 horas en la Plaza de la Revoluci\u00f3n Mexicana, inici\u00f3&hellip; <a class=\"more-link\" href=\"https:\/\/www.zunoticia.com\/noticias-de-hidalgo\/2025\/05\/21\/ayuntamiento-conmemoro-el-159-aniv-de-la-gesta-de-antonio-reyes-cabrera-el-tordo\/\">Seguir leyendo <span class=\"screen-reader-text\">Ayuntamiento conmemor\u00f3 el 159 aniv. de la gesta de Antonio Reyes Cabrera &#8220;El Tordo&#8221;<\/span><\/a><\/p>\n","protected":false},"author":20,"featured_media":593521,"comment_status":"open","ping_status":"open","sticky":false,"template":"","format":"standard","meta":{"rop_custom_images_group":[],"rop_custom_messages_group":[],"rop_publish_now":"initial","rop_publish_now_accounts":{"facebook_10159540855086992_322828327761733":""},"rop_publish_now_history":[],"rop_publish_now_status":"pending","footnotes":""},"categories":[181],"tags":[121],"class_list":["post-593520","post","type-post","status-publish","format-standard","has-post-thumbnail","hentry","category-huejutla","tag-huejutla","entry"],"_links":{"self":[{"href":"https:\/\/www.zunoticia.com\/noticias-de-hidalgo\/wp-json\/wp\/v2\/posts\/593520","targetHints":{"allow":["GET"]}}],"collection":[{"href":"https:\/\/www.zunoticia.com\/noticias-de-hidalgo\/wp-json\/wp\/v2\/posts"}],"about":[{"href":"https:\/\/www.zunoticia.com\/noticias-de-hidalgo\/wp-json\/wp\/v2\/types\/post"}],"author":[{"embeddable":true,"href":"https:\/\/www.zunoticia.com\/noticias-de-hidalgo\/wp-json\/wp\/v2\/users\/20"}],"replies":[{"embeddable":true,"href":"https:\/\/www.zunoticia.com\/noticias-de-hidalgo\/wp-json\/wp\/v2\/comments?post=593520"}],"version-history":[{"count":1,"href":"https:\/\/www.zunoticia.com\/noticias-de-hidalgo\/wp-json\/wp\/v2\/posts\/593520\/revisions"}],"predecessor-version":[{"id":593525,"href":"https:\/\/www.zunoticia.com\/noticias-de-hidalgo\/wp-json\/wp\/v2\/posts\/593520\/revisions\/593525"}],"wp:featuredmedia":[{"embeddable":true,"href":"https:\/\/www.zunoticia.com\/noticias-de-hidalgo\/wp-json\/wp\/v2\/media\/593521"}],"wp:attachment":[{"href":"https:\/\/www.zunoticia.com\/noticias-de-hidalgo\/wp-json\/wp\/v2\/media?parent=593520"}],"wp:term":[{"taxonomy":"category","embeddable":true,"href":"https:\/\/www.zunoticia.com\/noticias-de-hidalgo\/wp-json\/wp\/v2\/categories?post=593520"},{"taxonomy":"post_tag","embeddable":true,"href":"https:\/\/www.zunoticia.com\/noticias-de-hidalgo\/wp-json\/wp\/v2\/tags?post=593520"}],"curies":[{"name":"wp","href":"https:\/\/api.w.org\/{rel}","templated":true}]}}