{"id":593550,"date":"2025-05-21T14:51:24","date_gmt":"2025-05-21T20:51:24","guid":{"rendered":"https:\/\/www.zunoticia.com\/noticias-de-hidalgo\/?p=593550"},"modified":"2025-05-21T14:51:26","modified_gmt":"2025-05-21T20:51:26","slug":"antonio-reyes-cabrera-nos-dio-una-segunda-independencia-vicente-lara","status":"publish","type":"post","link":"https:\/\/www.zunoticia.com\/noticias-de-hidalgo\/2025\/05\/21\/antonio-reyes-cabrera-nos-dio-una-segunda-independencia-vicente-lara\/","title":{"rendered":"Antonio Reyes Cabrera nos dio una segunda Independencia: Vicente Lara\u00a0"},"content":{"rendered":"<aside class=\"mashsb-container mashsb-main mashsb-stretched\"><div class=\"mashsb-box\"><div class=\"mashsb-count mash-large\" style=\"float:left\"><div class=\"counts mashsbcount\">0<\/div><span class=\"mashsb-sharetext\">SHARES<\/span><\/div><div class=\"mashsb-buttons\"><a class=\"mashicon-facebook mash-large mash-center mashsb-noshadow\" href=\"https:\/\/www.facebook.com\/sharer.php?u=https%3A%2F%2Fwww.zunoticia.com%2Fnoticias-de-hidalgo%2F2025%2F05%2F21%2Fantonio-reyes-cabrera-nos-dio-una-segunda-independencia-vicente-lara%2F\" target=\"_top\" rel=\"nofollow\"><span class=\"icon\"><\/span><span class=\"text\">Share<\/span><\/a><a class=\"mashicon-twitter mash-large mash-center mashsb-noshadow\" href=\"https:\/\/twitter.com\/intent\/tweet?text=&amp;url=https:\/\/www.zunoticia.com\/noticias-de-hidalgo\/2025\/05\/21\/antonio-reyes-cabrera-nos-dio-una-segunda-independencia-vicente-lara\/\" target=\"_top\" rel=\"nofollow\"><span class=\"icon\"><\/span><span class=\"text\">Tweet<\/span><\/a><div class=\"onoffswitch2 mash-large mashsb-noshadow\" style=\"display:none\"><\/div><\/div>\n            <\/div>\n                <div style=\"clear:both\"><\/div><div class=\"mashsb-toggle-container\"><\/div><\/aside>\n            <!-- Share buttons by mashshare.net - Version: 4.0.47-->\n<p><em>Por Salvador Altamirano\/Zunoticia<\/em><\/p>\n\n\n\n<p><strong>Huejutla, Hgo<\/strong>.- Entrevistado, previo a la conferencia que imparti\u00f3 este mi\u00e9rcoles en el Instituto Tecnol\u00f3gico Agropecuario (ITA), el escritor y cronista, Vicente Lara Azuara, coment\u00f3 que la ponencia se denomina &#8220;Antonio Reyes Cabrera el Tordo: el apellido de un pueblo.<\/p>\n\n\n\n<p>Subray\u00f3 que, es el personaje m\u00e1s importante de Huejutla y precisamente por eso, la poblaci\u00f3n ostenta su apellido, pero m\u00e1s que ver el hecho hist\u00f3rico que sucedi\u00f3 el 21 de mayo de 1866, es buscar que la gente analice el matiz de la persona, que vean la importancia de un hombre y un pueblo adherido a la Rep\u00fablica en un momento dado.<\/p>\n\n\n\n<p>Eran tiempos dif\u00edciles -agreg\u00f3-, en donde solo hab\u00eda dos tipos de hombres, los conservadores o traidores, y los patriotas, as\u00ed era en el periodo Juarista, \u201centonces tenemos que verlo desde el vaso de aquellos tiempos, y no desde lo que hoy podemos observar de fallas o situaciones que sucedieron y que pudieron ser diferentes.<\/p>\n\n\n\n<p>La gesta hist\u00f3rica, ah\u00ed est\u00e1, y hoy vamos a trabajar ese tema, va a estar muy interesante, porque Antonio Reyes el Tordo es precisamente el sentido de pertenencia a la Rep\u00fablica de un pueblo invadido, en su tiempo y en su momento\u201d.<\/p>\n\n\n\n<p>Detall\u00f3 que, Zacualtip\u00e1n lleva el apellido de un personaje nacido en el lugar, pero hay otros pueblos como Pachuca de Soto y Tulancingo de Bravo, que eran personas fuera de su comarca, y en Huejutla es alguien nacido en la misma tierra.<\/p>\n\n\n\n<p>Para finalizar, Lara Azuara coment\u00f3 que, m\u00e1s que ilustre, &#8220;Antonio Reyes fue quien nos dio una segunda independencia&#8221;, as\u00ed como don Benito Ju\u00e1rez, en un momento cr\u00edtico en donde el ej\u00e9rcito franco franc\u00e9s y el ej\u00e9rcito franco mexicano, ten\u00edan dominado al pa\u00eds, en una situaci\u00f3n dif\u00edcil y dolorosa de aquellos a\u00f1os del Siglo XIX.<\/p>\n","protected":false},"excerpt":{"rendered":"<p>Por Salvador Altamirano\/Zunoticia Huejutla, Hgo.- Entrevistado, previo a la conferencia que imparti\u00f3 este mi\u00e9rcoles en el Instituto Tecnol\u00f3gico Agropecuario (ITA), el escritor y cronista, Vicente Lara Azuara, coment\u00f3 que la ponencia se denomina &#8220;Antonio Reyes Cabrera el Tordo: el apellido de un pueblo. Subray\u00f3 que, es el personaje m\u00e1s importante de Huejutla y precisamente por&hellip; <a class=\"more-link\" href=\"https:\/\/www.zunoticia.com\/noticias-de-hidalgo\/2025\/05\/21\/antonio-reyes-cabrera-nos-dio-una-segunda-independencia-vicente-lara\/\">Seguir leyendo <span class=\"screen-reader-text\">Antonio Reyes Cabrera nos dio una segunda Independencia: Vicente Lara\u00a0<\/span><\/a><\/p>\n","protected":false},"author":20,"featured_media":593551,"comment_status":"open","ping_status":"open","sticky":false,"template":"","format":"standard","meta":{"rop_custom_images_group":[],"rop_custom_messages_group":[],"rop_publish_now":"initial","rop_publish_now_accounts":{"facebook_10159540855086992_322828327761733":""},"rop_publish_now_history":[],"rop_publish_now_status":"pending","footnotes":""},"categories":[181],"tags":[121],"class_list":["post-593550","post","type-post","status-publish","format-standard","has-post-thumbnail","hentry","category-huejutla","tag-huejutla","entry"],"_links":{"self":[{"href":"https:\/\/www.zunoticia.com\/noticias-de-hidalgo\/wp-json\/wp\/v2\/posts\/593550","targetHints":{"allow":["GET"]}}],"collection":[{"href":"https:\/\/www.zunoticia.com\/noticias-de-hidalgo\/wp-json\/wp\/v2\/posts"}],"about":[{"href":"https:\/\/www.zunoticia.com\/noticias-de-hidalgo\/wp-json\/wp\/v2\/types\/post"}],"author":[{"embeddable":true,"href":"https:\/\/www.zunoticia.com\/noticias-de-hidalgo\/wp-json\/wp\/v2\/users\/20"}],"replies":[{"embeddable":true,"href":"https:\/\/www.zunoticia.com\/noticias-de-hidalgo\/wp-json\/wp\/v2\/comments?post=593550"}],"version-history":[{"count":1,"href":"https:\/\/www.zunoticia.com\/noticias-de-hidalgo\/wp-json\/wp\/v2\/posts\/593550\/revisions"}],"predecessor-version":[{"id":593552,"href":"https:\/\/www.zunoticia.com\/noticias-de-hidalgo\/wp-json\/wp\/v2\/posts\/593550\/revisions\/593552"}],"wp:featuredmedia":[{"embeddable":true,"href":"https:\/\/www.zunoticia.com\/noticias-de-hidalgo\/wp-json\/wp\/v2\/media\/593551"}],"wp:attachment":[{"href":"https:\/\/www.zunoticia.com\/noticias-de-hidalgo\/wp-json\/wp\/v2\/media?parent=593550"}],"wp:term":[{"taxonomy":"category","embeddable":true,"href":"https:\/\/www.zunoticia.com\/noticias-de-hidalgo\/wp-json\/wp\/v2\/categories?post=593550"},{"taxonomy":"post_tag","embeddable":true,"href":"https:\/\/www.zunoticia.com\/noticias-de-hidalgo\/wp-json\/wp\/v2\/tags?post=593550"}],"curies":[{"name":"wp","href":"https:\/\/api.w.org\/{rel}","templated":true}]}}