{"id":593563,"date":"2025-05-21T16:43:24","date_gmt":"2025-05-21T22:43:24","guid":{"rendered":"https:\/\/www.zunoticia.com\/noticias-de-hidalgo\/?p=593563"},"modified":"2025-05-21T16:43:28","modified_gmt":"2025-05-21T22:43:28","slug":"incendios-a-la-orden-del-dia-bomberos","status":"publish","type":"post","link":"https:\/\/www.zunoticia.com\/noticias-de-hidalgo\/2025\/05\/21\/incendios-a-la-orden-del-dia-bomberos\/","title":{"rendered":"Incendios a la orden del d\u00eda: Bomberos"},"content":{"rendered":"<aside class=\"mashsb-container mashsb-main mashsb-stretched\"><div class=\"mashsb-box\"><div class=\"mashsb-count mash-large\" style=\"float:left\"><div class=\"counts mashsbcount\">0<\/div><span class=\"mashsb-sharetext\">SHARES<\/span><\/div><div class=\"mashsb-buttons\"><a class=\"mashicon-facebook mash-large mash-center mashsb-noshadow\" href=\"https:\/\/www.facebook.com\/sharer.php?u=https%3A%2F%2Fwww.zunoticia.com%2Fnoticias-de-hidalgo%2F2025%2F05%2F21%2Fincendios-a-la-orden-del-dia-bomberos%2F\" target=\"_top\" rel=\"nofollow\"><span class=\"icon\"><\/span><span class=\"text\">Share<\/span><\/a><a class=\"mashicon-twitter mash-large mash-center mashsb-noshadow\" href=\"https:\/\/twitter.com\/intent\/tweet?text=&amp;url=https:\/\/www.zunoticia.com\/noticias-de-hidalgo\/2025\/05\/21\/incendios-a-la-orden-del-dia-bomberos\/\" target=\"_top\" rel=\"nofollow\"><span class=\"icon\"><\/span><span class=\"text\">Tweet<\/span><\/a><div class=\"onoffswitch2 mash-large mashsb-noshadow\" style=\"display:none\"><\/div><\/div>\n            <\/div>\n                <div style=\"clear:both\"><\/div><div class=\"mashsb-toggle-container\"><\/div><\/aside>\n            <!-- Share buttons by mashshare.net - Version: 4.0.47-->\n<p><em>Por Enedino Hern\u00e1ndez Alonso\/Zunoticia<\/em><\/p>\n\n\n\n<p><strong>Huejutla, Hgo<\/strong>.- Actualmente estamos en el periodo de estiaje, \u00e9poca en la cual los incendios se mantienen a la orden del d\u00eda, confirm\u00f3 el segundo comandante del Heroico Cuerpo de Bomberos en Huejutla de Reyes, Jos\u00e9 Magaldi Rivera.<\/p>\n\n\n\n<p>Dijo que, los incendios generalmente son provocados por las mismas personas que quieren o se ponen a quemar basura y dejan ah\u00ed todo, se descuidan, avanza el fuego y provocan incendios grandes.<\/p>\n\n\n\n<p>A\u00f1adi\u00f3 que, en d\u00edas pasados se atendi\u00f3 un incendio en los l\u00edmites de Huejutla en la zona del municipio de Chalma, por Amatitl\u00e1n hacia arriba, en donde se quemaron cerca de 40 hect\u00e1reas, esto porque a un se\u00f1or se le ocurri\u00f3 quemar basura.<\/p>\n\n\n\n<p>Por ello, es que se recomienda a todos \u201cya se les ha dicho con insistencia que no quemen la basura, que la tiren, pero que no la quemen, ya que con cualquier r\u00e1faga de aire se prende y provocan los incendios\u201d.<\/p>\n\n\n\n<p>Abund\u00f3 que, en esta \u00e9poca todo est\u00e1 seco, sobre todo que como Bomberos no se dan abasto para atender todas las llamadas que se reciben, se tiene que priorizar para atender las cosas.<\/p>\n\n\n\n<p>\u201cPor Santa Martha ya hemos ido tres veces para apagar el fuego, todos deben de tener consciencia de cuidar las cosas; por eso se les pide que no quemen la basura, en el campo al chapolear dejen que se pudra la basura y que sirva de abono a la tierra, pero que no la quemen\u201d.<\/p>\n\n\n\n<p>Jos\u00e9 Magaldi Rivera, subray\u00f3 que, se brinda prioridad a incendios de casas porque se tienen vidas de por medio, pero s\u00ed es importante que todos de manera consciente eviten quemar basura.<\/p>\n","protected":false},"excerpt":{"rendered":"<p>Por Enedino Hern\u00e1ndez Alonso\/Zunoticia Huejutla, Hgo.- Actualmente estamos en el periodo de estiaje, \u00e9poca en la cual los incendios se mantienen a la orden del d\u00eda, confirm\u00f3 el segundo comandante del Heroico Cuerpo de Bomberos en Huejutla de Reyes, Jos\u00e9 Magaldi Rivera. Dijo que, los incendios generalmente son provocados por las mismas personas que quieren&hellip; <a class=\"more-link\" href=\"https:\/\/www.zunoticia.com\/noticias-de-hidalgo\/2025\/05\/21\/incendios-a-la-orden-del-dia-bomberos\/\">Seguir leyendo <span class=\"screen-reader-text\">Incendios a la orden del d\u00eda: Bomberos<\/span><\/a><\/p>\n","protected":false},"author":20,"featured_media":593564,"comment_status":"open","ping_status":"open","sticky":false,"template":"","format":"standard","meta":{"rop_custom_images_group":[],"rop_custom_messages_group":[],"rop_publish_now":"initial","rop_publish_now_accounts":{"facebook_10159540855086992_322828327761733":""},"rop_publish_now_history":[],"rop_publish_now_status":"pending","footnotes":""},"categories":[181],"tags":[121],"class_list":["post-593563","post","type-post","status-publish","format-standard","has-post-thumbnail","hentry","category-huejutla","tag-huejutla","entry"],"_links":{"self":[{"href":"https:\/\/www.zunoticia.com\/noticias-de-hidalgo\/wp-json\/wp\/v2\/posts\/593563","targetHints":{"allow":["GET"]}}],"collection":[{"href":"https:\/\/www.zunoticia.com\/noticias-de-hidalgo\/wp-json\/wp\/v2\/posts"}],"about":[{"href":"https:\/\/www.zunoticia.com\/noticias-de-hidalgo\/wp-json\/wp\/v2\/types\/post"}],"author":[{"embeddable":true,"href":"https:\/\/www.zunoticia.com\/noticias-de-hidalgo\/wp-json\/wp\/v2\/users\/20"}],"replies":[{"embeddable":true,"href":"https:\/\/www.zunoticia.com\/noticias-de-hidalgo\/wp-json\/wp\/v2\/comments?post=593563"}],"version-history":[{"count":1,"href":"https:\/\/www.zunoticia.com\/noticias-de-hidalgo\/wp-json\/wp\/v2\/posts\/593563\/revisions"}],"predecessor-version":[{"id":593565,"href":"https:\/\/www.zunoticia.com\/noticias-de-hidalgo\/wp-json\/wp\/v2\/posts\/593563\/revisions\/593565"}],"wp:featuredmedia":[{"embeddable":true,"href":"https:\/\/www.zunoticia.com\/noticias-de-hidalgo\/wp-json\/wp\/v2\/media\/593564"}],"wp:attachment":[{"href":"https:\/\/www.zunoticia.com\/noticias-de-hidalgo\/wp-json\/wp\/v2\/media?parent=593563"}],"wp:term":[{"taxonomy":"category","embeddable":true,"href":"https:\/\/www.zunoticia.com\/noticias-de-hidalgo\/wp-json\/wp\/v2\/categories?post=593563"},{"taxonomy":"post_tag","embeddable":true,"href":"https:\/\/www.zunoticia.com\/noticias-de-hidalgo\/wp-json\/wp\/v2\/tags?post=593563"}],"curies":[{"name":"wp","href":"https:\/\/api.w.org\/{rel}","templated":true}]}}