{"id":593566,"date":"2025-05-21T17:03:47","date_gmt":"2025-05-21T23:03:47","guid":{"rendered":"https:\/\/www.zunoticia.com\/noticias-de-hidalgo\/?p=593566"},"modified":"2025-05-21T17:03:49","modified_gmt":"2025-05-21T23:03:49","slug":"alumnos-de-diferentes-planteles-acudieron-a-la-conferencia-antonio-reyes-cabrera-el-tordo-el-apellido-de-un-pueblo","status":"publish","type":"post","link":"https:\/\/www.zunoticia.com\/noticias-de-hidalgo\/2025\/05\/21\/alumnos-de-diferentes-planteles-acudieron-a-la-conferencia-antonio-reyes-cabrera-el-tordo-el-apellido-de-un-pueblo\/","title":{"rendered":"Alumnos de diferentes planteles acudieron a la conferencia &#8220;Antonio Reyes Cabrera el &#8220;Tordo&#8221;: el apellido de un pueblo&#8221;"},"content":{"rendered":"<aside class=\"mashsb-container mashsb-main mashsb-stretched\"><div class=\"mashsb-box\"><div class=\"mashsb-count mash-large\" style=\"float:left\"><div class=\"counts mashsbcount\">0<\/div><span class=\"mashsb-sharetext\">SHARES<\/span><\/div><div class=\"mashsb-buttons\"><a class=\"mashicon-facebook mash-large mash-center mashsb-noshadow\" href=\"https:\/\/www.facebook.com\/sharer.php?u=https%3A%2F%2Fwww.zunoticia.com%2Fnoticias-de-hidalgo%2F2025%2F05%2F21%2Falumnos-de-diferentes-planteles-acudieron-a-la-conferencia-antonio-reyes-cabrera-el-tordo-el-apellido-de-un-pueblo%2F\" target=\"_top\" rel=\"nofollow\"><span class=\"icon\"><\/span><span class=\"text\">Share<\/span><\/a><a class=\"mashicon-twitter mash-large mash-center mashsb-noshadow\" href=\"https:\/\/twitter.com\/intent\/tweet?text=&amp;url=https:\/\/www.zunoticia.com\/noticias-de-hidalgo\/2025\/05\/21\/alumnos-de-diferentes-planteles-acudieron-a-la-conferencia-antonio-reyes-cabrera-el-tordo-el-apellido-de-un-pueblo\/\" target=\"_top\" rel=\"nofollow\"><span class=\"icon\"><\/span><span class=\"text\">Tweet<\/span><\/a><div class=\"onoffswitch2 mash-large mashsb-noshadow\" style=\"display:none\"><\/div><\/div>\n            <\/div>\n                <div style=\"clear:both\"><\/div><div class=\"mashsb-toggle-container\"><\/div><\/aside>\n            <!-- Share buttons by mashshare.net - Version: 4.0.47-->\n<p><em>Por Salvador Altamirano\/Zunoticia<\/em><\/p>\n\n\n\n<p><strong>Huejutla, Hgo.-<\/strong> Jefes de zonas escolares, personal docente y gran cantidad de alumnos de diferentes instituciones educativas, abarrotaron este mi\u00e9rcoles la sala audiovisual del Tecnol\u00f3gico Nacional campus Huejutla (TecNM), en donde se imparti\u00f3 la conferencia magistral &#8220;Antonio Reyes Cabrera el &#8220;Tordo&#8221;: el apellido de un pueblo&#8221;.<\/p>\n\n\n\n<p>La asistencia mayoritaria de alumnos, se debi\u00f3 a que hay la necesidad de que la actual nueva generaci\u00f3n, tenga pleno conocimiento de qui\u00e9n fue y cu\u00e1l es la haza\u00f1a que realiz\u00f3 el 21 de mayo de 1866, el hombre cuyo apellido perpet\u00faa Huejutla, de ah\u00ed el t\u00edtulo de la ponencia.<\/p>\n\n\n\n<p>Sin embargo, en entrevista previa el conferencista, Vicente Lara Azuara, anticip\u00f3 que m\u00e1s que ver el hecho hist\u00f3rico, es buscar que las personas, en especial los j\u00f3venes, conozcan el matiz del personaje, que vean la importancia del hombre.<\/p>\n\n\n\n<figure class=\"wp-block-image size-full\"><img fetchpriority=\"high\" decoding=\"async\" width=\"933\" height=\"524\" src=\"https:\/\/www.zunoticia.com\/noticias-de-hidalgo\/wp-content\/uploads\/2025\/05\/Zunoticia-Huejutla-1-172.png\" alt=\"\" class=\"wp-image-593568\"\/><\/figure>\n\n\n\n<p>Al respecto, quien responde al nombre de Juan Marcos Rodr\u00edguez, quien no acudi\u00f3 a la conferencia, coment\u00f3 momentos antes que, esta es la necesaria informaci\u00f3n hist\u00f3rica que se debe difundir a los alumnos, por lo que felicit\u00f3 al gobierno municipal que preside Alfredo San Rom\u00e1n Duval por tan importante acierto, ya que el evento fue programado en las actividades de la conmemoraci\u00f3n del 159 aniversario de la gesta de Antonio Reyes, a trav\u00e9s de Casa de la Cultura que encabeza la profesora Sayonara Palacios.<\/p>\n\n\n\n<p>A la magistral conferencia acudieron alumnos del Colegio de Bachilleres del Estado de Hidalgo (COBAEH); del Colegio de Estudios Cient\u00edficos y Tecnol\u00f3gicos del Estado de Hidalgo (CECyTEH); de la &#8220;Escuela Secundaria T\u00e9cnica Ignacio Ram\u00edrez&#8221;, de la comunidad de Los Otates; y del Tecnol\u00f3gico Nacional campus Huejutla (TecNM), plantel sede.<\/p>\n","protected":false},"excerpt":{"rendered":"<p>Por Salvador Altamirano\/Zunoticia Huejutla, Hgo.- Jefes de zonas escolares, personal docente y gran cantidad de alumnos de diferentes instituciones educativas, abarrotaron este mi\u00e9rcoles la sala audiovisual del Tecnol\u00f3gico Nacional campus Huejutla (TecNM), en donde se imparti\u00f3 la conferencia magistral &#8220;Antonio Reyes Cabrera el &#8220;Tordo&#8221;: el apellido de un pueblo&#8221;. La asistencia mayoritaria de alumnos, se&hellip; <a class=\"more-link\" href=\"https:\/\/www.zunoticia.com\/noticias-de-hidalgo\/2025\/05\/21\/alumnos-de-diferentes-planteles-acudieron-a-la-conferencia-antonio-reyes-cabrera-el-tordo-el-apellido-de-un-pueblo\/\">Seguir leyendo <span class=\"screen-reader-text\">Alumnos de diferentes planteles acudieron a la conferencia &#8220;Antonio Reyes Cabrera el &#8220;Tordo&#8221;: el apellido de un pueblo&#8221;<\/span><\/a><\/p>\n","protected":false},"author":20,"featured_media":593567,"comment_status":"open","ping_status":"open","sticky":false,"template":"","format":"standard","meta":{"rop_custom_images_group":[],"rop_custom_messages_group":[],"rop_publish_now":"initial","rop_publish_now_accounts":{"facebook_10159540855086992_322828327761733":""},"rop_publish_now_history":[],"rop_publish_now_status":"pending","footnotes":""},"categories":[1],"tags":[],"class_list":["post-593566","post","type-post","status-publish","format-standard","has-post-thumbnail","hentry","category-sin-categoria","entry"],"_links":{"self":[{"href":"https:\/\/www.zunoticia.com\/noticias-de-hidalgo\/wp-json\/wp\/v2\/posts\/593566","targetHints":{"allow":["GET"]}}],"collection":[{"href":"https:\/\/www.zunoticia.com\/noticias-de-hidalgo\/wp-json\/wp\/v2\/posts"}],"about":[{"href":"https:\/\/www.zunoticia.com\/noticias-de-hidalgo\/wp-json\/wp\/v2\/types\/post"}],"author":[{"embeddable":true,"href":"https:\/\/www.zunoticia.com\/noticias-de-hidalgo\/wp-json\/wp\/v2\/users\/20"}],"replies":[{"embeddable":true,"href":"https:\/\/www.zunoticia.com\/noticias-de-hidalgo\/wp-json\/wp\/v2\/comments?post=593566"}],"version-history":[{"count":1,"href":"https:\/\/www.zunoticia.com\/noticias-de-hidalgo\/wp-json\/wp\/v2\/posts\/593566\/revisions"}],"predecessor-version":[{"id":593569,"href":"https:\/\/www.zunoticia.com\/noticias-de-hidalgo\/wp-json\/wp\/v2\/posts\/593566\/revisions\/593569"}],"wp:featuredmedia":[{"embeddable":true,"href":"https:\/\/www.zunoticia.com\/noticias-de-hidalgo\/wp-json\/wp\/v2\/media\/593567"}],"wp:attachment":[{"href":"https:\/\/www.zunoticia.com\/noticias-de-hidalgo\/wp-json\/wp\/v2\/media?parent=593566"}],"wp:term":[{"taxonomy":"category","embeddable":true,"href":"https:\/\/www.zunoticia.com\/noticias-de-hidalgo\/wp-json\/wp\/v2\/categories?post=593566"},{"taxonomy":"post_tag","embeddable":true,"href":"https:\/\/www.zunoticia.com\/noticias-de-hidalgo\/wp-json\/wp\/v2\/tags?post=593566"}],"curies":[{"name":"wp","href":"https:\/\/api.w.org\/{rel}","templated":true}]}}