{"id":593581,"date":"2025-05-21T18:00:56","date_gmt":"2025-05-22T00:00:56","guid":{"rendered":"https:\/\/www.zunoticia.com\/noticias-de-hidalgo\/?p=593581"},"modified":"2025-05-21T18:00:58","modified_gmt":"2025-05-22T00:00:58","slug":"reconoce-pc-tener-reportes-de-personas-con-sintomas-de-golpe-de-calor","status":"publish","type":"post","link":"https:\/\/www.zunoticia.com\/noticias-de-hidalgo\/2025\/05\/21\/reconoce-pc-tener-reportes-de-personas-con-sintomas-de-golpe-de-calor\/","title":{"rendered":"Reconoce PC tener reportes de personas con s\u00edntomas de \u201cgolpe de calor\u201d"},"content":{"rendered":"<aside class=\"mashsb-container mashsb-main mashsb-stretched\"><div class=\"mashsb-box\"><div class=\"mashsb-count mash-large\" style=\"float:left\"><div class=\"counts mashsbcount\">0<\/div><span class=\"mashsb-sharetext\">SHARES<\/span><\/div><div class=\"mashsb-buttons\"><a class=\"mashicon-facebook mash-large mash-center mashsb-noshadow\" href=\"https:\/\/www.facebook.com\/sharer.php?u=https%3A%2F%2Fwww.zunoticia.com%2Fnoticias-de-hidalgo%2F2025%2F05%2F21%2Freconoce-pc-tener-reportes-de-personas-con-sintomas-de-golpe-de-calor%2F\" target=\"_top\" rel=\"nofollow\"><span class=\"icon\"><\/span><span class=\"text\">Share<\/span><\/a><a class=\"mashicon-twitter mash-large mash-center mashsb-noshadow\" href=\"https:\/\/twitter.com\/intent\/tweet?text=&amp;url=https:\/\/www.zunoticia.com\/noticias-de-hidalgo\/2025\/05\/21\/reconoce-pc-tener-reportes-de-personas-con-sintomas-de-golpe-de-calor\/\" target=\"_top\" rel=\"nofollow\"><span class=\"icon\"><\/span><span class=\"text\">Tweet<\/span><\/a><div class=\"onoffswitch2 mash-large mashsb-noshadow\" style=\"display:none\"><\/div><\/div>\n            <\/div>\n                <div style=\"clear:both\"><\/div><div class=\"mashsb-toggle-container\"><\/div><\/aside>\n            <!-- Share buttons by mashshare.net - Version: 4.0.47-->\n<p><em>Por Enedino Hern\u00e1ndez Alonso\/Zunoticia<\/em><\/p>\n\n\n\n<p><strong>Huejutla, Hgo<\/strong>.- El director de Protecci\u00f3n Civil (PC) en Huejutla, H\u00e9ctor Armando G\u00f3mez Hern\u00e1ndez, reconoci\u00f3 que en estos \u00faltimos d\u00edas y debido a las altas temperaturas que se registran en la regi\u00f3n, se han tenido reportes de algunas personas con s\u00edntomas de \u201cgolpe de calor\u201d.<\/p>\n\n\n\n<p>Expuso que, el martes 20 de mayo se sabe que fue el d\u00eda m\u00e1s caluroso en lo que van del a\u00f1o, pues se estuvo alrededor de los 41 grados cent\u00edgrados m\u00e1s la sensaci\u00f3n t\u00e9rmica con 5 a 6 grados m\u00e1s; por lo que es insoportable el calor que estamos viviendo.<\/p>\n\n\n\n<p>Por este motivo, recomienda a la poblaci\u00f3n en general tener mucho cuidado al momento de salir a la calle, hacerlo con ropa fresca, ropa c\u00f3moda o de algod\u00f3n, con bermuda y si es posible con zapato descubierto, sobre todo hacerlo hidratados que es lo m\u00e1s fundamental.<\/p>\n\n\n\n<p>Reconoci\u00f3 que, debido a las altas temperaturas, en estos d\u00edas, por diversos sectores poblacionales suelen reportarse los \u201capagones\u201d, se tiene el corte del servicio de energ\u00eda el\u00e9ctrica durante tiempos prolongados en colonias, es un tema que le compete a la Comisi\u00f3n Federal de Electricidad.<\/p>\n\n\n\n<p>A\u00f1adi\u00f3 que, en algunas ocasiones les reportan estas situaciones a Protecci\u00f3n Civil debido a que algunos transformadores hacen corto, otros se han incendiado, como lo fue en la colonia Mirador, en donde se le pidi\u00f3 el apoyo al personal.<\/p>\n\n\n\n<p>Abund\u00f3 que, muchas otras colonias se han quedado sin el servicio, y de acuerdo con lo que les inform\u00f3 el personal de la Comisi\u00f3n Federal de Electricidad, fue durante la madrugada del lunes cuando se tuvo un corte general en gran parte del municipio, muchas colonias se quedaron sin luz, debido a un aumento en el voltaje para compensar la sobrecarga que se tiene en las noches, en donde la mayor\u00eda de las personas utilizan climas y ventiladores.<\/p>\n\n\n\n<p>Finalmente, H\u00e9ctor G\u00f3mez, recomienda a la poblaci\u00f3n en general a mantenerse bien hidratada, salir lo menos posible al sol, no practicar deporte de 12:00 a 17:00 horas, cinco de la tarde, que es cuando el sol est\u00e1 m\u00e1s fuerte; hidratarse constantemente, usar ropa c\u00f3moda y cuidarse en la medida de lo posible.<\/p>\n","protected":false},"excerpt":{"rendered":"<p>Por Enedino Hern\u00e1ndez Alonso\/Zunoticia Huejutla, Hgo.- El director de Protecci\u00f3n Civil (PC) en Huejutla, H\u00e9ctor Armando G\u00f3mez Hern\u00e1ndez, reconoci\u00f3 que en estos \u00faltimos d\u00edas y debido a las altas temperaturas que se registran en la regi\u00f3n, se han tenido reportes de algunas personas con s\u00edntomas de \u201cgolpe de calor\u201d. Expuso que, el martes 20 de&hellip; <a class=\"more-link\" href=\"https:\/\/www.zunoticia.com\/noticias-de-hidalgo\/2025\/05\/21\/reconoce-pc-tener-reportes-de-personas-con-sintomas-de-golpe-de-calor\/\">Seguir leyendo <span class=\"screen-reader-text\">Reconoce PC tener reportes de personas con s\u00edntomas de \u201cgolpe de calor\u201d<\/span><\/a><\/p>\n","protected":false},"author":20,"featured_media":593582,"comment_status":"open","ping_status":"open","sticky":false,"template":"","format":"standard","meta":{"rop_custom_images_group":[],"rop_custom_messages_group":[],"rop_publish_now":"initial","rop_publish_now_accounts":{"facebook_10159540855086992_322828327761733":""},"rop_publish_now_history":[],"rop_publish_now_status":"pending","footnotes":""},"categories":[181],"tags":[121],"class_list":["post-593581","post","type-post","status-publish","format-standard","has-post-thumbnail","hentry","category-huejutla","tag-huejutla","entry"],"_links":{"self":[{"href":"https:\/\/www.zunoticia.com\/noticias-de-hidalgo\/wp-json\/wp\/v2\/posts\/593581","targetHints":{"allow":["GET"]}}],"collection":[{"href":"https:\/\/www.zunoticia.com\/noticias-de-hidalgo\/wp-json\/wp\/v2\/posts"}],"about":[{"href":"https:\/\/www.zunoticia.com\/noticias-de-hidalgo\/wp-json\/wp\/v2\/types\/post"}],"author":[{"embeddable":true,"href":"https:\/\/www.zunoticia.com\/noticias-de-hidalgo\/wp-json\/wp\/v2\/users\/20"}],"replies":[{"embeddable":true,"href":"https:\/\/www.zunoticia.com\/noticias-de-hidalgo\/wp-json\/wp\/v2\/comments?post=593581"}],"version-history":[{"count":1,"href":"https:\/\/www.zunoticia.com\/noticias-de-hidalgo\/wp-json\/wp\/v2\/posts\/593581\/revisions"}],"predecessor-version":[{"id":593583,"href":"https:\/\/www.zunoticia.com\/noticias-de-hidalgo\/wp-json\/wp\/v2\/posts\/593581\/revisions\/593583"}],"wp:featuredmedia":[{"embeddable":true,"href":"https:\/\/www.zunoticia.com\/noticias-de-hidalgo\/wp-json\/wp\/v2\/media\/593582"}],"wp:attachment":[{"href":"https:\/\/www.zunoticia.com\/noticias-de-hidalgo\/wp-json\/wp\/v2\/media?parent=593581"}],"wp:term":[{"taxonomy":"category","embeddable":true,"href":"https:\/\/www.zunoticia.com\/noticias-de-hidalgo\/wp-json\/wp\/v2\/categories?post=593581"},{"taxonomy":"post_tag","embeddable":true,"href":"https:\/\/www.zunoticia.com\/noticias-de-hidalgo\/wp-json\/wp\/v2\/tags?post=593581"}],"curies":[{"name":"wp","href":"https:\/\/api.w.org\/{rel}","templated":true}]}}