{"id":593584,"date":"2025-05-21T18:09:49","date_gmt":"2025-05-22T00:09:49","guid":{"rendered":"https:\/\/www.zunoticia.com\/noticias-de-hidalgo\/?p=593584"},"modified":"2025-05-21T18:09:51","modified_gmt":"2025-05-22T00:09:51","slug":"las-calles-banquetas-y-rampas-en-pesimas-condiciones-rhg","status":"publish","type":"post","link":"https:\/\/www.zunoticia.com\/noticias-de-hidalgo\/2025\/05\/21\/las-calles-banquetas-y-rampas-en-pesimas-condiciones-rhg\/","title":{"rendered":"Las calles, banquetas y rampas en p\u00e9simas condiciones: RHG"},"content":{"rendered":"<aside class=\"mashsb-container mashsb-main mashsb-stretched\"><div class=\"mashsb-box\"><div class=\"mashsb-count mash-large\" style=\"float:left\"><div class=\"counts mashsbcount\">16<\/div><span class=\"mashsb-sharetext\">SHARES<\/span><\/div><div class=\"mashsb-buttons\"><a class=\"mashicon-facebook mash-large mash-center mashsb-noshadow\" href=\"https:\/\/www.facebook.com\/sharer.php?u=https%3A%2F%2Fwww.zunoticia.com%2Fnoticias-de-hidalgo%2F2025%2F05%2F21%2Flas-calles-banquetas-y-rampas-en-pesimas-condiciones-rhg%2F\" target=\"_top\" rel=\"nofollow\"><span class=\"icon\"><\/span><span class=\"text\">Share<\/span><\/a><a class=\"mashicon-twitter mash-large mash-center mashsb-noshadow\" href=\"https:\/\/twitter.com\/intent\/tweet?text=&amp;url=https:\/\/www.zunoticia.com\/noticias-de-hidalgo\/2025\/05\/21\/las-calles-banquetas-y-rampas-en-pesimas-condiciones-rhg\/\" target=\"_top\" rel=\"nofollow\"><span class=\"icon\"><\/span><span class=\"text\">Tweet<\/span><\/a><div class=\"onoffswitch2 mash-large mashsb-noshadow\" style=\"display:none\"><\/div><\/div>\n            <\/div>\n                <div style=\"clear:both\"><\/div><div class=\"mashsb-toggle-container\"><\/div><\/aside>\n            <!-- Share buttons by mashshare.net - Version: 4.0.47-->\n<p><em>Por Jos\u00e9 Luis Romero Ruiz\/Zunoticia<\/em><\/p>\n\n\n\n<p><strong>Huejutla, Hgo.-<\/strong> El representante del colectivo \u201cVida Independiente M\u00e9xico\u201d sede Huejutla, Hidalgo: Rubicel Hern\u00e1ndez Garc\u00eda manifest\u00f3 en entrevista con Zunoticia que, las calles, banquetas y rampas de esta ciudad est\u00e1n en p\u00e9simas condiciones.<\/p>\n\n\n\n<p>El representante del colectivo \u201cD\u00eda Independiente M\u00e9xico\u201d, Rubicel Hern\u00e1ndez Garc\u00eda junto con una de las integrantes del colectivo Manuela Torres Hern\u00e1ndez, realizaron un recorrido de 8 kil\u00f3metros al interior del Parque Ecol\u00f3gico de esta ciudad, a bordo de sus respectivas sillas de ruedas semideportivas.<\/p>\n\n\n\n<p>Ambas personas presentan una discapacidad motriz, motivo por el cual, utilizan unas sillas de ruedas diferentes a las hospitalarias; ya que son ergon\u00f3micas, y sobre todo, m\u00e1s ligeras para poder desplazarse por toda la ciudad.<\/p>\n\n\n\n<p>Hern\u00e1ndez Garc\u00eda se\u00f1al\u00f3 que, buscan ser independientes, en el colectivo con sede en Huejutla son 9 integrantes y se re\u00fanen cada s\u00e1bado a partir de las 17:00 horas en el Parque Ecol\u00f3gico de esta ciudad, para practicar con sus sillas de ruedas.<\/p>\n\n\n\n<p>El representante del multicitado colectivo destac\u00f3 que, recorrer la calles, aceras, y rampas de esta ciudad, son todo un reto, ya que est\u00e1n en p\u00e9simas condiciones; es importante que las autoridades y la poblaci\u00f3n sean m\u00e1s emp\u00e1ticas con las personas con discapacidad motriz o cualquier otra.<\/p>\n\n\n\n<p>Para finalizar se\u00f1al\u00f3 que, hacen falta m\u00e1s rampas; pero que tengan las caracter\u00edsticas espec\u00edficas para que las personas en silla de ruedas puedan recorrer las diferentes calles; acudir a los bancos, negocios o plazas sin problema alguno.<\/p>\n","protected":false},"excerpt":{"rendered":"<p>Por Jos\u00e9 Luis Romero Ruiz\/Zunoticia Huejutla, Hgo.- El representante del colectivo \u201cVida Independiente M\u00e9xico\u201d sede Huejutla, Hidalgo: Rubicel Hern\u00e1ndez Garc\u00eda manifest\u00f3 en entrevista con Zunoticia que, las calles, banquetas y rampas de esta ciudad est\u00e1n en p\u00e9simas condiciones. El representante del colectivo \u201cD\u00eda Independiente M\u00e9xico\u201d, Rubicel Hern\u00e1ndez Garc\u00eda junto con una de las integrantes del&hellip; <a class=\"more-link\" href=\"https:\/\/www.zunoticia.com\/noticias-de-hidalgo\/2025\/05\/21\/las-calles-banquetas-y-rampas-en-pesimas-condiciones-rhg\/\">Seguir leyendo <span class=\"screen-reader-text\">Las calles, banquetas y rampas en p\u00e9simas condiciones: RHG<\/span><\/a><\/p>\n","protected":false},"author":20,"featured_media":593585,"comment_status":"open","ping_status":"open","sticky":false,"template":"","format":"standard","meta":{"rop_custom_images_group":[],"rop_custom_messages_group":[],"rop_publish_now":"initial","rop_publish_now_accounts":{"facebook_10159540855086992_322828327761733":""},"rop_publish_now_history":[],"rop_publish_now_status":"pending","footnotes":""},"categories":[181],"tags":[121],"class_list":["post-593584","post","type-post","status-publish","format-standard","has-post-thumbnail","hentry","category-huejutla","tag-huejutla","entry"],"_links":{"self":[{"href":"https:\/\/www.zunoticia.com\/noticias-de-hidalgo\/wp-json\/wp\/v2\/posts\/593584","targetHints":{"allow":["GET"]}}],"collection":[{"href":"https:\/\/www.zunoticia.com\/noticias-de-hidalgo\/wp-json\/wp\/v2\/posts"}],"about":[{"href":"https:\/\/www.zunoticia.com\/noticias-de-hidalgo\/wp-json\/wp\/v2\/types\/post"}],"author":[{"embeddable":true,"href":"https:\/\/www.zunoticia.com\/noticias-de-hidalgo\/wp-json\/wp\/v2\/users\/20"}],"replies":[{"embeddable":true,"href":"https:\/\/www.zunoticia.com\/noticias-de-hidalgo\/wp-json\/wp\/v2\/comments?post=593584"}],"version-history":[{"count":1,"href":"https:\/\/www.zunoticia.com\/noticias-de-hidalgo\/wp-json\/wp\/v2\/posts\/593584\/revisions"}],"predecessor-version":[{"id":593586,"href":"https:\/\/www.zunoticia.com\/noticias-de-hidalgo\/wp-json\/wp\/v2\/posts\/593584\/revisions\/593586"}],"wp:featuredmedia":[{"embeddable":true,"href":"https:\/\/www.zunoticia.com\/noticias-de-hidalgo\/wp-json\/wp\/v2\/media\/593585"}],"wp:attachment":[{"href":"https:\/\/www.zunoticia.com\/noticias-de-hidalgo\/wp-json\/wp\/v2\/media?parent=593584"}],"wp:term":[{"taxonomy":"category","embeddable":true,"href":"https:\/\/www.zunoticia.com\/noticias-de-hidalgo\/wp-json\/wp\/v2\/categories?post=593584"},{"taxonomy":"post_tag","embeddable":true,"href":"https:\/\/www.zunoticia.com\/noticias-de-hidalgo\/wp-json\/wp\/v2\/tags?post=593584"}],"curies":[{"name":"wp","href":"https:\/\/api.w.org\/{rel}","templated":true}]}}