{"id":593620,"date":"2025-05-21T22:07:51","date_gmt":"2025-05-22T04:07:51","guid":{"rendered":"https:\/\/www.zunoticia.com\/noticias-de-hidalgo\/?p=593620"},"modified":"2025-05-21T22:07:52","modified_gmt":"2025-05-22T04:07:52","slug":"capacitan-a-comites-de-obra-publica-y-faism","status":"publish","type":"post","link":"https:\/\/www.zunoticia.com\/noticias-de-hidalgo\/2025\/05\/21\/capacitan-a-comites-de-obra-publica-y-faism\/","title":{"rendered":"Capacitan a comit\u00e9s de obra p\u00fablica y FAISM"},"content":{"rendered":"<aside class=\"mashsb-container mashsb-main mashsb-stretched\"><div class=\"mashsb-box\"><div class=\"mashsb-count mash-large\" style=\"float:left\"><div class=\"counts mashsbcount\">0<\/div><span class=\"mashsb-sharetext\">SHARES<\/span><\/div><div class=\"mashsb-buttons\"><a class=\"mashicon-facebook mash-large mash-center mashsb-noshadow\" href=\"https:\/\/www.facebook.com\/sharer.php?u=https%3A%2F%2Fwww.zunoticia.com%2Fnoticias-de-hidalgo%2F2025%2F05%2F21%2Fcapacitan-a-comites-de-obra-publica-y-faism%2F\" target=\"_top\" rel=\"nofollow\"><span class=\"icon\"><\/span><span class=\"text\">Share<\/span><\/a><a class=\"mashicon-twitter mash-large mash-center mashsb-noshadow\" href=\"https:\/\/twitter.com\/intent\/tweet?text=&amp;url=https:\/\/www.zunoticia.com\/noticias-de-hidalgo\/2025\/05\/21\/capacitan-a-comites-de-obra-publica-y-faism\/\" target=\"_top\" rel=\"nofollow\"><span class=\"icon\"><\/span><span class=\"text\">Tweet<\/span><\/a><div class=\"onoffswitch2 mash-large mashsb-noshadow\" style=\"display:none\"><\/div><\/div>\n            <\/div>\n                <div style=\"clear:both\"><\/div><div class=\"mashsb-toggle-container\"><\/div><\/aside>\n            <!-- Share buttons by mashshare.net - Version: 4.0.47-->\n<p><em>Por Redacci\u00f3n\/Zunoticia<\/em><\/p>\n\n\n\n<p><strong>Tlanchinol, Hgo.-<\/strong> Con el objetivo de fortalecer los conocimientos de los integrantes de los Comit\u00e9s de Obra P\u00fablica y del Fondo de Aportaci\u00f3n para la Infraestructura Social Municipal (FAISM), la Secretar\u00eda de Desarrollo Social Municipal realiz\u00f3 una capacitaci\u00f3n con representantes de las comunidades del municipio.<\/p>\n\n\n\n<p>La capacitaci\u00f3n fue encabezada por el Ing. Frank Velazco Ortega, Secretario de Desarrollo Municipal, en compa\u00f1\u00eda del Ing. Hildeberto Mart\u00ednez Hern\u00e1ndez, Director de Obras P\u00fablicas y la Lic. Georgina Yahaira \u00c1brego, Contralora Municipal.<\/p>\n\n\n\n<p>Tambi\u00e9n, se cont\u00f3 con la presencia de la Comisi\u00f3n de Obra P\u00fablica de la Honorable Asamblea, presidida por el C. Gonzalo Meyer P\u00e9rez y la Lic. Susana Olvera Cu\u00e9llar.<\/p>\n\n\n\n<figure class=\"wp-block-image size-full\"><img fetchpriority=\"high\" decoding=\"async\" width=\"600\" height=\"452\" src=\"https:\/\/www.zunoticia.com\/noticias-de-hidalgo\/wp-content\/uploads\/2025\/05\/eZy-Watermark_21-05-2025_09-52-58-6810p.m.jpg\" alt=\"\" class=\"wp-image-593617\"\/><\/figure>\n\n\n\n<p>La capacitaci\u00f3n fue impartida por el Lic. Adri\u00e1n Aguilar, por parte de la Contralor\u00eda del Estado, quien abord\u00f3 temas relevantes sobre la gesti\u00f3n y supervisi\u00f3n de obras p\u00fablicas, as\u00ed como la correcta aplicaci\u00f3n de los recursos del FAISM.<\/p>\n\n\n\n<p>Esta capacitaci\u00f3n tiene como objetivo garantizar la transparencia y eficiencia en la ejecuci\u00f3n de las obras p\u00fablicas y fortalecer la colaboraci\u00f3n entre los diferentes actores involucrados en la gesti\u00f3n de los recursos p\u00fablicos, esto es un paso importante para asegurar que los comit\u00e9s de obra p\u00fablica y los funcionarios municipales cuenten con las herramientas y conocimientos necesarios para cumplir con sus responsabilidades y lograr los objetivos establecidos.<\/p>\n","protected":false},"excerpt":{"rendered":"<p>Por Redacci\u00f3n\/Zunoticia Tlanchinol, Hgo.- Con el objetivo de fortalecer los conocimientos de los integrantes de los Comit\u00e9s de Obra P\u00fablica y del Fondo de Aportaci\u00f3n para la Infraestructura Social Municipal (FAISM), la Secretar\u00eda de Desarrollo Social Municipal realiz\u00f3 una capacitaci\u00f3n con representantes de las comunidades del municipio. La capacitaci\u00f3n fue encabezada por el Ing. Frank&hellip; <a class=\"more-link\" href=\"https:\/\/www.zunoticia.com\/noticias-de-hidalgo\/2025\/05\/21\/capacitan-a-comites-de-obra-publica-y-faism\/\">Seguir leyendo <span class=\"screen-reader-text\">Capacitan a comit\u00e9s de obra p\u00fablica y FAISM<\/span><\/a><\/p>\n","protected":false},"author":12,"featured_media":593616,"comment_status":"open","ping_status":"open","sticky":false,"template":"","format":"standard","meta":{"rop_custom_images_group":[],"rop_custom_messages_group":[],"rop_publish_now":"initial","rop_publish_now_accounts":{"facebook_10159540855086992_322828327761733":""},"rop_publish_now_history":[],"rop_publish_now_status":"pending","footnotes":""},"categories":[219,201],"tags":[127],"class_list":["post-593620","post","type-post","status-publish","format-standard","has-post-thumbnail","hentry","category-sierra","category-tlanchinol","tag-tlanchinol","entry"],"_links":{"self":[{"href":"https:\/\/www.zunoticia.com\/noticias-de-hidalgo\/wp-json\/wp\/v2\/posts\/593620","targetHints":{"allow":["GET"]}}],"collection":[{"href":"https:\/\/www.zunoticia.com\/noticias-de-hidalgo\/wp-json\/wp\/v2\/posts"}],"about":[{"href":"https:\/\/www.zunoticia.com\/noticias-de-hidalgo\/wp-json\/wp\/v2\/types\/post"}],"author":[{"embeddable":true,"href":"https:\/\/www.zunoticia.com\/noticias-de-hidalgo\/wp-json\/wp\/v2\/users\/12"}],"replies":[{"embeddable":true,"href":"https:\/\/www.zunoticia.com\/noticias-de-hidalgo\/wp-json\/wp\/v2\/comments?post=593620"}],"version-history":[{"count":1,"href":"https:\/\/www.zunoticia.com\/noticias-de-hidalgo\/wp-json\/wp\/v2\/posts\/593620\/revisions"}],"predecessor-version":[{"id":593622,"href":"https:\/\/www.zunoticia.com\/noticias-de-hidalgo\/wp-json\/wp\/v2\/posts\/593620\/revisions\/593622"}],"wp:featuredmedia":[{"embeddable":true,"href":"https:\/\/www.zunoticia.com\/noticias-de-hidalgo\/wp-json\/wp\/v2\/media\/593616"}],"wp:attachment":[{"href":"https:\/\/www.zunoticia.com\/noticias-de-hidalgo\/wp-json\/wp\/v2\/media?parent=593620"}],"wp:term":[{"taxonomy":"category","embeddable":true,"href":"https:\/\/www.zunoticia.com\/noticias-de-hidalgo\/wp-json\/wp\/v2\/categories?post=593620"},{"taxonomy":"post_tag","embeddable":true,"href":"https:\/\/www.zunoticia.com\/noticias-de-hidalgo\/wp-json\/wp\/v2\/tags?post=593620"}],"curies":[{"name":"wp","href":"https:\/\/api.w.org\/{rel}","templated":true}]}}