{"id":594180,"date":"2025-05-27T10:17:46","date_gmt":"2025-05-27T16:17:46","guid":{"rendered":"https:\/\/www.zunoticia.com\/noticias-de-hidalgo\/?p=594180"},"modified":"2025-05-27T11:47:53","modified_gmt":"2025-05-27T17:47:53","slug":"asesinaron-a-balazos-a-un-adolescente-de-17-anos","status":"publish","type":"post","link":"https:\/\/www.zunoticia.com\/noticias-de-hidalgo\/2025\/05\/27\/asesinaron-a-balazos-a-un-adolescente-de-17-anos\/","title":{"rendered":"Asesinaron a balazos a un adolescente de 17 a\u00f1os"},"content":{"rendered":"<aside class=\"mashsb-container mashsb-main mashsb-stretched\"><div class=\"mashsb-box\"><div class=\"mashsb-count mash-large\" style=\"float:left\"><div class=\"counts mashsbcount\">0<\/div><span class=\"mashsb-sharetext\">SHARES<\/span><\/div><div class=\"mashsb-buttons\"><a class=\"mashicon-facebook mash-large mash-center mashsb-noshadow\" href=\"https:\/\/www.facebook.com\/sharer.php?u=https%3A%2F%2Fwww.zunoticia.com%2Fnoticias-de-hidalgo%2F2025%2F05%2F27%2Fasesinaron-a-balazos-a-un-adolescente-de-17-anos%2F\" target=\"_top\" rel=\"nofollow\"><span class=\"icon\"><\/span><span class=\"text\">Share<\/span><\/a><a class=\"mashicon-twitter mash-large mash-center mashsb-noshadow\" href=\"https:\/\/twitter.com\/intent\/tweet?text=&amp;url=https:\/\/www.zunoticia.com\/noticias-de-hidalgo\/2025\/05\/27\/asesinaron-a-balazos-a-un-adolescente-de-17-anos\/\" target=\"_top\" rel=\"nofollow\"><span class=\"icon\"><\/span><span class=\"text\">Tweet<\/span><\/a><div class=\"onoffswitch2 mash-large mashsb-noshadow\" style=\"display:none\"><\/div><\/div>\n            <\/div>\n                <div style=\"clear:both\"><\/div><div class=\"mashsb-toggle-container\"><\/div><\/aside>\n            <!-- Share buttons by mashshare.net - Version: 4.0.47-->\n<ul class=\"wp-block-list\">\n<li>Caminaba por la v\u00eda federal M\u00e9xico-Tampico cuando sufri\u00f3 el ataque armado.<\/li>\n<\/ul>\n\n\n\n<p><em>Por redacci\u00f3n\/Zunoticia<\/em><\/p>\n\n\n\n<p><strong>Huejutla, Hgo . &#8211;<\/strong> Esta ma\u00f1ana atacaron a balazos a un adolescente de 17 a\u00f1os en los l\u00edmites de Huejutla y Chalma Veracruz, al lugar de los hechos llegaron cuerpos polic\u00edacos y de emergencia para intervenir en este hecho.<\/p>\n\n\n\n<p>Fue a las 6:30 de la ma\u00f1ana de hoy que el adolescente de nombre Ulises \u00d1. T. de 17 a\u00f1os, le dispararon en repetidas ocasiones al caminar en la v\u00eda federal M\u00e9xico-Tampico esquina con la calle Aduana entre La Garita y El Pintor.<\/p>\n\n\n\n<figure class=\"wp-block-gallery has-nested-images columns-default is-cropped wp-block-gallery-1 is-layout-flex wp-block-gallery-is-layout-flex\">\n<figure class=\"wp-block-image size-large\"><img fetchpriority=\"high\" decoding=\"async\" width=\"1280\" height=\"908\" data-id=\"594183\" src=\"https:\/\/www.zunoticia.com\/noticias-de-hidalgo\/wp-content\/uploads\/2025\/05\/Asesinaron-adolescente-a-balazo-3.jpeg\" alt=\"\" class=\"wp-image-594183\"\/><\/figure>\n\n\n\n<figure class=\"wp-block-image size-large\"><img decoding=\"async\" width=\"1170\" height=\"720\" data-id=\"594182\" src=\"https:\/\/www.zunoticia.com\/noticias-de-hidalgo\/wp-content\/uploads\/2025\/05\/Asesinaron-adolescente-a-balazo-2.jpeg\" alt=\"\" class=\"wp-image-594182\"\/><\/figure>\n<\/figure>\n\n\n\n<p>Elementos de los bomberos llegaron al lugar y al revisar el cuerpo detectaron que ya no contaba con signos vitales, por lo que polic\u00edas acordaron el lugar de los hechos. El occiso recibi\u00f3 al menos ocho impactos de bala en diferentes partes de su cuerpo.<\/p>\n\n\n\n<p>Peritos de la Agencia del Ministerio P\u00fablico de Huejutla y Agentes ministeriales, hicieron presencia en ese lugar para las investigaciones correspondientes y ordenaron el levantamiento del cuerpo para ser enviado al Servicio M\u00e9dico Forense de Huejutla para la necropsia, mientras tanto el MP. ya inicio una carpeta de investigaci\u00f3n por este homicidio.<\/p>\n","protected":false},"excerpt":{"rendered":"<p>Por redacci\u00f3n\/Zunoticia Huejutla, Hgo . &#8211; Esta ma\u00f1ana atacaron a balazos a un adolescente de 17 a\u00f1os en los l\u00edmites de Huejutla y Chalma Veracruz, al lugar de los hechos llegaron cuerpos polic\u00edacos y de emergencia para intervenir en este hecho. Fue a las 6:30 de la ma\u00f1ana de hoy que el adolescente de nombre&hellip; <a class=\"more-link\" href=\"https:\/\/www.zunoticia.com\/noticias-de-hidalgo\/2025\/05\/27\/asesinaron-a-balazos-a-un-adolescente-de-17-anos\/\">Seguir leyendo <span class=\"screen-reader-text\">Asesinaron a balazos a un adolescente de 17 a\u00f1os<\/span><\/a><\/p>\n","protected":false},"author":23,"featured_media":594181,"comment_status":"open","ping_status":"open","sticky":false,"template":"","format":"standard","meta":{"rop_custom_images_group":[],"rop_custom_messages_group":[],"rop_publish_now":"initial","rop_publish_now_accounts":{"facebook_10159540855086992_322828327761733":""},"rop_publish_now_history":[],"rop_publish_now_status":"pending","footnotes":""},"categories":[181,178],"tags":[259],"class_list":["post-594180","post","type-post","status-publish","format-standard","has-post-thumbnail","hentry","category-huejutla","category-policiaca","tag-policiaca","entry"],"_links":{"self":[{"href":"https:\/\/www.zunoticia.com\/noticias-de-hidalgo\/wp-json\/wp\/v2\/posts\/594180","targetHints":{"allow":["GET"]}}],"collection":[{"href":"https:\/\/www.zunoticia.com\/noticias-de-hidalgo\/wp-json\/wp\/v2\/posts"}],"about":[{"href":"https:\/\/www.zunoticia.com\/noticias-de-hidalgo\/wp-json\/wp\/v2\/types\/post"}],"author":[{"embeddable":true,"href":"https:\/\/www.zunoticia.com\/noticias-de-hidalgo\/wp-json\/wp\/v2\/users\/23"}],"replies":[{"embeddable":true,"href":"https:\/\/www.zunoticia.com\/noticias-de-hidalgo\/wp-json\/wp\/v2\/comments?post=594180"}],"version-history":[{"count":3,"href":"https:\/\/www.zunoticia.com\/noticias-de-hidalgo\/wp-json\/wp\/v2\/posts\/594180\/revisions"}],"predecessor-version":[{"id":594188,"href":"https:\/\/www.zunoticia.com\/noticias-de-hidalgo\/wp-json\/wp\/v2\/posts\/594180\/revisions\/594188"}],"wp:featuredmedia":[{"embeddable":true,"href":"https:\/\/www.zunoticia.com\/noticias-de-hidalgo\/wp-json\/wp\/v2\/media\/594181"}],"wp:attachment":[{"href":"https:\/\/www.zunoticia.com\/noticias-de-hidalgo\/wp-json\/wp\/v2\/media?parent=594180"}],"wp:term":[{"taxonomy":"category","embeddable":true,"href":"https:\/\/www.zunoticia.com\/noticias-de-hidalgo\/wp-json\/wp\/v2\/categories?post=594180"},{"taxonomy":"post_tag","embeddable":true,"href":"https:\/\/www.zunoticia.com\/noticias-de-hidalgo\/wp-json\/wp\/v2\/tags?post=594180"}],"curies":[{"name":"wp","href":"https:\/\/api.w.org\/{rel}","templated":true}]}}