{"id":594189,"date":"2025-05-27T13:47:29","date_gmt":"2025-05-27T19:47:29","guid":{"rendered":"https:\/\/www.zunoticia.com\/noticias-de-hidalgo\/?p=594189"},"modified":"2025-05-27T13:47:30","modified_gmt":"2025-05-27T19:47:30","slug":"en-la-uthh-celebraron-el-dia-del-contador","status":"publish","type":"post","link":"https:\/\/www.zunoticia.com\/noticias-de-hidalgo\/2025\/05\/27\/en-la-uthh-celebraron-el-dia-del-contador\/","title":{"rendered":"En la UTHH celebraron el d\u00eda del Contador"},"content":{"rendered":"<aside class=\"mashsb-container mashsb-main mashsb-stretched\"><div class=\"mashsb-box\"><div class=\"mashsb-count mash-large\" style=\"float:left\"><div class=\"counts mashsbcount\">0<\/div><span class=\"mashsb-sharetext\">SHARES<\/span><\/div><div class=\"mashsb-buttons\"><a class=\"mashicon-facebook mash-large mash-center mashsb-noshadow\" href=\"https:\/\/www.facebook.com\/sharer.php?u=https%3A%2F%2Fwww.zunoticia.com%2Fnoticias-de-hidalgo%2F2025%2F05%2F27%2Fen-la-uthh-celebraron-el-dia-del-contador%2F\" target=\"_top\" rel=\"nofollow\"><span class=\"icon\"><\/span><span class=\"text\">Share<\/span><\/a><a class=\"mashicon-twitter mash-large mash-center mashsb-noshadow\" href=\"https:\/\/twitter.com\/intent\/tweet?text=&amp;url=https:\/\/www.zunoticia.com\/noticias-de-hidalgo\/2025\/05\/27\/en-la-uthh-celebraron-el-dia-del-contador\/\" target=\"_top\" rel=\"nofollow\"><span class=\"icon\"><\/span><span class=\"text\">Tweet<\/span><\/a><div class=\"onoffswitch2 mash-large mashsb-noshadow\" style=\"display:none\"><\/div><\/div>\n            <\/div>\n                <div style=\"clear:both\"><\/div><div class=\"mashsb-toggle-container\"><\/div><\/aside>\n            <!-- Share buttons by mashshare.net - Version: 4.0.47-->\n<p><em>Por Gabriela Hern\u00e1ndez\/Zunoticia<\/em><\/p>\n\n\n\n<p><strong>Huejutla, Hgo<\/strong>. &#8211; El Programa Educativo de la Licenciatura en Contadur\u00eda de la Universidad Tecnol\u00f3gica de la Huasteca Hidalguense (UTHH) celebr\u00f3 el d\u00eda del Contador, realizando actividades que fomentan la formaci\u00f3n integral del alumnado.<\/p>\n\n\n\n<p>En la apertura, la directora de carrera extern\u00f3 una felicitaci\u00f3n y les incentiv\u00f3 a que siguieran trabajando la parte acad\u00e9mica con el mismo entusiasmo, para que cuando est\u00e9n en el \u00e1mbito laboral cuenten con las herramientas t\u00e9cnicas que les permitan seguir poniendo en alto el nombre del programa educativo.<\/p>\n\n\n\n<p>Dentro de las actividades se llevaron a cabo dos sesiones de activaci\u00f3n f\u00edsica mediante una master class de zumba, tanto para nivel T\u00e9cnico Superior Universitario en Contadur\u00eda como para la Licenciatura en Contadur\u00eda, estas permitieron generar un espacio de convivencia escolar entre docentes y alumnado.<\/p>\n\n\n\n<p>As\u00ed mismo, se les ofreci\u00f3 una conferencia virtual denominada \u201cUna mirada de la Fiscalizaci\u00f3n Contable en Panam\u00e1\u201d impartida por las expositoras Dra. Dora Rosaura Batista Peralta y Dra. Maricella del Rosario Corpas Ford, de la Universidad de Panam\u00e1- Facultad de Contabilidad.<\/p>\n\n\n\n<p>Esta actividad acad\u00e9mica les mostr\u00f3 al alumnado que la distancia en la actualidad no es una barrera para adquirir conocimientos, y como cultura general pudieron conocer la forma de fiscalizaci\u00f3n en el pa\u00eds de Panam\u00e1, esta interacci\u00f3n fue la base para generarles la inquietud de seguir investigando sobre M\u00e9xico y otros pa\u00edses.<\/p>\n\n\n\n<figure class=\"wp-block-gallery has-nested-images columns-default is-cropped wp-block-gallery-1 is-layout-flex wp-block-gallery-is-layout-flex\">\n<figure class=\"wp-block-image size-large\"><img fetchpriority=\"high\" decoding=\"async\" width=\"933\" height=\"524\" data-id=\"594191\" src=\"https:\/\/www.zunoticia.com\/noticias-de-hidalgo\/wp-content\/uploads\/2025\/05\/Zunoticia-Huejutla-2-102.png\" alt=\"\" class=\"wp-image-594191\"\/><\/figure>\n\n\n\n<figure class=\"wp-block-image size-large\"><img decoding=\"async\" width=\"933\" height=\"524\" data-id=\"594192\" src=\"https:\/\/www.zunoticia.com\/noticias-de-hidalgo\/wp-content\/uploads\/2025\/05\/Zunoticia-Huejutla-1-222.png\" alt=\"\" class=\"wp-image-594192\"\/><\/figure>\n<\/figure>\n","protected":false},"excerpt":{"rendered":"<p>Por Gabriela Hern\u00e1ndez\/Zunoticia Huejutla, Hgo. &#8211; El Programa Educativo de la Licenciatura en Contadur\u00eda de la Universidad Tecnol\u00f3gica de la Huasteca Hidalguense (UTHH) celebr\u00f3 el d\u00eda del Contador, realizando actividades que fomentan la formaci\u00f3n integral del alumnado. En la apertura, la directora de carrera extern\u00f3 una felicitaci\u00f3n y les incentiv\u00f3 a que siguieran trabajando la&hellip; <a class=\"more-link\" href=\"https:\/\/www.zunoticia.com\/noticias-de-hidalgo\/2025\/05\/27\/en-la-uthh-celebraron-el-dia-del-contador\/\">Seguir leyendo <span class=\"screen-reader-text\">En la UTHH celebraron el d\u00eda del Contador<\/span><\/a><\/p>\n","protected":false},"author":20,"featured_media":594190,"comment_status":"open","ping_status":"open","sticky":false,"template":"","format":"standard","meta":{"rop_custom_images_group":[],"rop_custom_messages_group":[],"rop_publish_now":"initial","rop_publish_now_accounts":{"facebook_10159540855086992_322828327761733":""},"rop_publish_now_history":[],"rop_publish_now_status":"pending","footnotes":""},"categories":[181],"tags":[121],"class_list":["post-594189","post","type-post","status-publish","format-standard","has-post-thumbnail","hentry","category-huejutla","tag-huejutla","entry"],"_links":{"self":[{"href":"https:\/\/www.zunoticia.com\/noticias-de-hidalgo\/wp-json\/wp\/v2\/posts\/594189","targetHints":{"allow":["GET"]}}],"collection":[{"href":"https:\/\/www.zunoticia.com\/noticias-de-hidalgo\/wp-json\/wp\/v2\/posts"}],"about":[{"href":"https:\/\/www.zunoticia.com\/noticias-de-hidalgo\/wp-json\/wp\/v2\/types\/post"}],"author":[{"embeddable":true,"href":"https:\/\/www.zunoticia.com\/noticias-de-hidalgo\/wp-json\/wp\/v2\/users\/20"}],"replies":[{"embeddable":true,"href":"https:\/\/www.zunoticia.com\/noticias-de-hidalgo\/wp-json\/wp\/v2\/comments?post=594189"}],"version-history":[{"count":1,"href":"https:\/\/www.zunoticia.com\/noticias-de-hidalgo\/wp-json\/wp\/v2\/posts\/594189\/revisions"}],"predecessor-version":[{"id":594193,"href":"https:\/\/www.zunoticia.com\/noticias-de-hidalgo\/wp-json\/wp\/v2\/posts\/594189\/revisions\/594193"}],"wp:featuredmedia":[{"embeddable":true,"href":"https:\/\/www.zunoticia.com\/noticias-de-hidalgo\/wp-json\/wp\/v2\/media\/594190"}],"wp:attachment":[{"href":"https:\/\/www.zunoticia.com\/noticias-de-hidalgo\/wp-json\/wp\/v2\/media?parent=594189"}],"wp:term":[{"taxonomy":"category","embeddable":true,"href":"https:\/\/www.zunoticia.com\/noticias-de-hidalgo\/wp-json\/wp\/v2\/categories?post=594189"},{"taxonomy":"post_tag","embeddable":true,"href":"https:\/\/www.zunoticia.com\/noticias-de-hidalgo\/wp-json\/wp\/v2\/tags?post=594189"}],"curies":[{"name":"wp","href":"https:\/\/api.w.org\/{rel}","templated":true}]}}