{"id":594200,"date":"2025-05-27T14:04:01","date_gmt":"2025-05-27T20:04:01","guid":{"rendered":"https:\/\/www.zunoticia.com\/noticias-de-hidalgo\/?p=594200"},"modified":"2025-05-27T14:04:03","modified_gmt":"2025-05-27T20:04:03","slug":"suben-a-23-los-casos-de-dengue-en-la-huasteca","status":"publish","type":"post","link":"https:\/\/www.zunoticia.com\/noticias-de-hidalgo\/2025\/05\/27\/suben-a-23-los-casos-de-dengue-en-la-huasteca\/","title":{"rendered":"Suben a 23 los casos de Dengue en la Huasteca"},"content":{"rendered":"<aside class=\"mashsb-container mashsb-main mashsb-stretched\"><div class=\"mashsb-box\"><div class=\"mashsb-count mash-large\" style=\"float:left\"><div class=\"counts mashsbcount\">0<\/div><span class=\"mashsb-sharetext\">SHARES<\/span><\/div><div class=\"mashsb-buttons\"><a class=\"mashicon-facebook mash-large mash-center mashsb-noshadow\" href=\"https:\/\/www.facebook.com\/sharer.php?u=https%3A%2F%2Fwww.zunoticia.com%2Fnoticias-de-hidalgo%2F2025%2F05%2F27%2Fsuben-a-23-los-casos-de-dengue-en-la-huasteca%2F\" target=\"_top\" rel=\"nofollow\"><span class=\"icon\"><\/span><span class=\"text\">Share<\/span><\/a><a class=\"mashicon-twitter mash-large mash-center mashsb-noshadow\" href=\"https:\/\/twitter.com\/intent\/tweet?text=&amp;url=https:\/\/www.zunoticia.com\/noticias-de-hidalgo\/2025\/05\/27\/suben-a-23-los-casos-de-dengue-en-la-huasteca\/\" target=\"_top\" rel=\"nofollow\"><span class=\"icon\"><\/span><span class=\"text\">Tweet<\/span><\/a><div class=\"onoffswitch2 mash-large mashsb-noshadow\" style=\"display:none\"><\/div><\/div>\n            <\/div>\n                <div style=\"clear:both\"><\/div><div class=\"mashsb-toggle-container\"><\/div><\/aside>\n            <!-- Share buttons by mashshare.net - Version: 4.0.47-->\n<p><em>Por Enedino Hern\u00e1ndez Alonso\/Zunoticia<\/em><\/p>\n\n\n\n<p><strong>Huejutla, Hgo<\/strong>.- El jefe de la Jurisdicci\u00f3n Sanitaria 04 en Huejutla de Reyes, Jes\u00fas Rodr\u00edguez Ortega, confirm\u00f3 que, al momento ya se tienen 23 casos de Dengue en esta zona de la Huasteca.<\/p>\n\n\n\n<p>Subray\u00f3 que, de acuerdo con el bolet\u00edn Arbovirosis, hasta la semana 20 con cierre el 19 de mayo, se tienen 23 casos aut\u00f3ctonos de dengue en por lo menos tres municipios de la Huasteca.<\/p>\n\n\n\n<p>Dijo que, de los 23 casos de Dengue que se tiene, estos se encuentran principalmente en los municipios de Huejutla con 7, Jaltoc\u00e1n con 4 y San Felipe Orizatl\u00e1n avanza con 12 casos.<\/p>\n\n\n\n<p>Jes\u00fas Rodr\u00edguez hizo un llamado a la poblaci\u00f3n en general para que redoble los esfuerzos y las medidas estrat\u00e9gicas necesarias que ya conocen, a fin de poder combatir el problema que se tiene.<\/p>\n\n\n\n<figure class=\"wp-block-image size-full\"><img fetchpriority=\"high\" decoding=\"async\" width=\"1080\" height=\"444\" src=\"https:\/\/www.zunoticia.com\/noticias-de-hidalgo\/wp-content\/uploads\/2025\/05\/WhatsApp-Image-2025-05-27-at-1.50.48-PM.jpeg\" alt=\"\" class=\"wp-image-594202\"\/><\/figure>\n","protected":false},"excerpt":{"rendered":"<p>Por Enedino Hern\u00e1ndez Alonso\/Zunoticia Huejutla, Hgo.- El jefe de la Jurisdicci\u00f3n Sanitaria 04 en Huejutla de Reyes, Jes\u00fas Rodr\u00edguez Ortega, confirm\u00f3 que, al momento ya se tienen 23 casos de Dengue en esta zona de la Huasteca. Subray\u00f3 que, de acuerdo con el bolet\u00edn Arbovirosis, hasta la semana 20 con cierre el 19 de mayo,&hellip; <a class=\"more-link\" href=\"https:\/\/www.zunoticia.com\/noticias-de-hidalgo\/2025\/05\/27\/suben-a-23-los-casos-de-dengue-en-la-huasteca\/\">Seguir leyendo <span class=\"screen-reader-text\">Suben a 23 los casos de Dengue en la Huasteca<\/span><\/a><\/p>\n","protected":false},"author":20,"featured_media":594201,"comment_status":"open","ping_status":"open","sticky":false,"template":"","format":"standard","meta":{"rop_custom_images_group":[],"rop_custom_messages_group":[],"rop_publish_now":"initial","rop_publish_now_accounts":{"facebook_10159540855086992_322828327761733":""},"rop_publish_now_history":[],"rop_publish_now_status":"pending","footnotes":""},"categories":[181],"tags":[121],"class_list":["post-594200","post","type-post","status-publish","format-standard","has-post-thumbnail","hentry","category-huejutla","tag-huejutla","entry"],"_links":{"self":[{"href":"https:\/\/www.zunoticia.com\/noticias-de-hidalgo\/wp-json\/wp\/v2\/posts\/594200","targetHints":{"allow":["GET"]}}],"collection":[{"href":"https:\/\/www.zunoticia.com\/noticias-de-hidalgo\/wp-json\/wp\/v2\/posts"}],"about":[{"href":"https:\/\/www.zunoticia.com\/noticias-de-hidalgo\/wp-json\/wp\/v2\/types\/post"}],"author":[{"embeddable":true,"href":"https:\/\/www.zunoticia.com\/noticias-de-hidalgo\/wp-json\/wp\/v2\/users\/20"}],"replies":[{"embeddable":true,"href":"https:\/\/www.zunoticia.com\/noticias-de-hidalgo\/wp-json\/wp\/v2\/comments?post=594200"}],"version-history":[{"count":1,"href":"https:\/\/www.zunoticia.com\/noticias-de-hidalgo\/wp-json\/wp\/v2\/posts\/594200\/revisions"}],"predecessor-version":[{"id":594203,"href":"https:\/\/www.zunoticia.com\/noticias-de-hidalgo\/wp-json\/wp\/v2\/posts\/594200\/revisions\/594203"}],"wp:featuredmedia":[{"embeddable":true,"href":"https:\/\/www.zunoticia.com\/noticias-de-hidalgo\/wp-json\/wp\/v2\/media\/594201"}],"wp:attachment":[{"href":"https:\/\/www.zunoticia.com\/noticias-de-hidalgo\/wp-json\/wp\/v2\/media?parent=594200"}],"wp:term":[{"taxonomy":"category","embeddable":true,"href":"https:\/\/www.zunoticia.com\/noticias-de-hidalgo\/wp-json\/wp\/v2\/categories?post=594200"},{"taxonomy":"post_tag","embeddable":true,"href":"https:\/\/www.zunoticia.com\/noticias-de-hidalgo\/wp-json\/wp\/v2\/tags?post=594200"}],"curies":[{"name":"wp","href":"https:\/\/api.w.org\/{rel}","templated":true}]}}