{"id":594213,"date":"2025-05-27T14:54:28","date_gmt":"2025-05-27T20:54:28","guid":{"rendered":"https:\/\/www.zunoticia.com\/noticias-de-hidalgo\/?p=594213"},"modified":"2025-05-27T14:54:29","modified_gmt":"2025-05-27T20:54:29","slug":"realizaron-la-feria-de-la-salud-2025-en-la-universidad-politecnica","status":"publish","type":"post","link":"https:\/\/www.zunoticia.com\/noticias-de-hidalgo\/2025\/05\/27\/realizaron-la-feria-de-la-salud-2025-en-la-universidad-politecnica\/","title":{"rendered":"Realizaron la Feria de la Salud 2025 en la Universidad Polit\u00e9cnica"},"content":{"rendered":"<aside class=\"mashsb-container mashsb-main mashsb-stretched\"><div class=\"mashsb-box\"><div class=\"mashsb-count mash-large\" style=\"float:left\"><div class=\"counts mashsbcount\">0<\/div><span class=\"mashsb-sharetext\">SHARES<\/span><\/div><div class=\"mashsb-buttons\"><a class=\"mashicon-facebook mash-large mash-center mashsb-noshadow\" href=\"https:\/\/www.facebook.com\/sharer.php?u=https%3A%2F%2Fwww.zunoticia.com%2Fnoticias-de-hidalgo%2F2025%2F05%2F27%2Frealizaron-la-feria-de-la-salud-2025-en-la-universidad-politecnica%2F\" target=\"_top\" rel=\"nofollow\"><span class=\"icon\"><\/span><span class=\"text\">Share<\/span><\/a><a class=\"mashicon-twitter mash-large mash-center mashsb-noshadow\" href=\"https:\/\/twitter.com\/intent\/tweet?text=&amp;url=https:\/\/www.zunoticia.com\/noticias-de-hidalgo\/2025\/05\/27\/realizaron-la-feria-de-la-salud-2025-en-la-universidad-politecnica\/\" target=\"_top\" rel=\"nofollow\"><span class=\"icon\"><\/span><span class=\"text\">Tweet<\/span><\/a><div class=\"onoffswitch2 mash-large mashsb-noshadow\" style=\"display:none\"><\/div><\/div>\n            <\/div>\n                <div style=\"clear:both\"><\/div><div class=\"mashsb-toggle-container\"><\/div><\/aside>\n            <!-- Share buttons by mashshare.net - Version: 4.0.47-->\n<p><em>Por Karen Rivera\/ Zunoticia<\/em><\/p>\n\n\n\n<p><strong>Huejutla de Reyes, Hgo<\/strong>.- La ma\u00f1ana del 27 de mayo del a\u00f1o en curso, en las instalaciones de la Universidad Polit\u00e9cnica de Huejutla, se llev\u00f3 a cabo la Feria de la Salud, con la finalidad de promover la salud en la comunidad estudiantil.<\/p>\n\n\n\n<p>Este evento lo encabez\u00f3 el \u00e1rea de Enfermer\u00eda a cargo de Johana Victoria Gonz\u00e1lez Hern\u00e1ndez, as\u00ed como de la Licenciada en terapia f\u00edsica, Anah\u00ed Hern\u00e1ndez Rodr\u00edguez, en coordinaci\u00f3n con el \u00e1rea de Vinculaci\u00f3n al mando de Mar\u00eda de la Luz Ram\u00edrez Z\u00fa\u00f1iga.<\/p>\n\n\n\n<p>La nave n\u00famero 3, fue la sede de esta Feria de la Salud en donde particip\u00f3 el Instituto de Seguridad y Servicios Sociales de los Trabajadores del Estado (ISSSTE); el Instituto Mexicano del Seguro Social (IMSS) Bienestar del Parque de Poblamiento; el Instituto de Ciencias y Estudios Superiores de Hidalgo (ICESH) Campus Huejutla, as\u00ed como el \u00e1rea de Psicolog\u00eda y Enfermer\u00eda de la UPH.<\/p>\n\n\n\n<figure class=\"wp-block-gallery has-nested-images columns-default is-cropped wp-block-gallery-1 is-layout-flex wp-block-gallery-is-layout-flex\">\n<figure class=\"wp-block-image size-large\"><img fetchpriority=\"high\" decoding=\"async\" width=\"933\" height=\"524\" data-id=\"594215\" src=\"https:\/\/www.zunoticia.com\/noticias-de-hidalgo\/wp-content\/uploads\/2025\/05\/Zunoticia-Huejutla-2-105.png\" alt=\"\" class=\"wp-image-594215\"\/><\/figure>\n\n\n\n<figure class=\"wp-block-image size-large\"><img decoding=\"async\" width=\"933\" height=\"524\" data-id=\"594216\" src=\"https:\/\/www.zunoticia.com\/noticias-de-hidalgo\/wp-content\/uploads\/2025\/05\/Zunoticia-Huejutla-1-226.png\" alt=\"\" class=\"wp-image-594216\"\/><\/figure>\n<\/figure>\n\n\n\n<p>Durante la jornada se brind\u00f3 informaci\u00f3n sobre la planeaci\u00f3n familiar, el uso de los m\u00e9todos anticonceptivos, aplicaci\u00f3n de la vacuna contra el T\u00e9tanos y Difteria (TD), signos vitales, consultas m\u00e9dicas, prueba r\u00e1pida para detectar el VIH SIDA, prueba de detecci\u00f3n para el VDRL o s\u00edfilis, entre otras.<\/p>\n\n\n\n<p>Tambi\u00e9n se les brindaron pl\u00e1tica sobre nutrici\u00f3n, psicolog\u00eda, se les entreg\u00f3 suero vida oral, y desparasitante. Como parte del programa, el comit\u00e9 de salud de la Universidad Polit\u00e9cnica, cada a\u00f1o organiza una feria donde promueven la salud entre la comunidad estudiantil.<\/p>\n\n\n\n<p>La actividad se llev\u00f3 a cabo alrededor de las 9:00 de la ma\u00f1ana, donde j\u00f3venes participaron en esta jornada.<\/p>\n\n\n\n<p><\/p>\n","protected":false},"excerpt":{"rendered":"<p>Por Karen Rivera\/ Zunoticia Huejutla de Reyes, Hgo.- La ma\u00f1ana del 27 de mayo del a\u00f1o en curso, en las instalaciones de la Universidad Polit\u00e9cnica de Huejutla, se llev\u00f3 a cabo la Feria de la Salud, con la finalidad de promover la salud en la comunidad estudiantil. Este evento lo encabez\u00f3 el \u00e1rea de Enfermer\u00eda&hellip; <a class=\"more-link\" href=\"https:\/\/www.zunoticia.com\/noticias-de-hidalgo\/2025\/05\/27\/realizaron-la-feria-de-la-salud-2025-en-la-universidad-politecnica\/\">Seguir leyendo <span class=\"screen-reader-text\">Realizaron la Feria de la Salud 2025 en la Universidad Polit\u00e9cnica<\/span><\/a><\/p>\n","protected":false},"author":20,"featured_media":594214,"comment_status":"open","ping_status":"open","sticky":false,"template":"","format":"standard","meta":{"rop_custom_images_group":[],"rop_custom_messages_group":[],"rop_publish_now":"initial","rop_publish_now_accounts":{"facebook_10159540855086992_322828327761733":""},"rop_publish_now_history":[],"rop_publish_now_status":"pending","footnotes":""},"categories":[181],"tags":[121],"class_list":["post-594213","post","type-post","status-publish","format-standard","has-post-thumbnail","hentry","category-huejutla","tag-huejutla","entry"],"_links":{"self":[{"href":"https:\/\/www.zunoticia.com\/noticias-de-hidalgo\/wp-json\/wp\/v2\/posts\/594213","targetHints":{"allow":["GET"]}}],"collection":[{"href":"https:\/\/www.zunoticia.com\/noticias-de-hidalgo\/wp-json\/wp\/v2\/posts"}],"about":[{"href":"https:\/\/www.zunoticia.com\/noticias-de-hidalgo\/wp-json\/wp\/v2\/types\/post"}],"author":[{"embeddable":true,"href":"https:\/\/www.zunoticia.com\/noticias-de-hidalgo\/wp-json\/wp\/v2\/users\/20"}],"replies":[{"embeddable":true,"href":"https:\/\/www.zunoticia.com\/noticias-de-hidalgo\/wp-json\/wp\/v2\/comments?post=594213"}],"version-history":[{"count":1,"href":"https:\/\/www.zunoticia.com\/noticias-de-hidalgo\/wp-json\/wp\/v2\/posts\/594213\/revisions"}],"predecessor-version":[{"id":594217,"href":"https:\/\/www.zunoticia.com\/noticias-de-hidalgo\/wp-json\/wp\/v2\/posts\/594213\/revisions\/594217"}],"wp:featuredmedia":[{"embeddable":true,"href":"https:\/\/www.zunoticia.com\/noticias-de-hidalgo\/wp-json\/wp\/v2\/media\/594214"}],"wp:attachment":[{"href":"https:\/\/www.zunoticia.com\/noticias-de-hidalgo\/wp-json\/wp\/v2\/media?parent=594213"}],"wp:term":[{"taxonomy":"category","embeddable":true,"href":"https:\/\/www.zunoticia.com\/noticias-de-hidalgo\/wp-json\/wp\/v2\/categories?post=594213"},{"taxonomy":"post_tag","embeddable":true,"href":"https:\/\/www.zunoticia.com\/noticias-de-hidalgo\/wp-json\/wp\/v2\/tags?post=594213"}],"curies":[{"name":"wp","href":"https:\/\/api.w.org\/{rel}","templated":true}]}}