{"id":594218,"date":"2025-05-27T15:05:11","date_gmt":"2025-05-27T21:05:11","guid":{"rendered":"https:\/\/www.zunoticia.com\/noticias-de-hidalgo\/?p=594218"},"modified":"2025-05-27T15:05:13","modified_gmt":"2025-05-27T21:05:13","slug":"cecyte-hidalgo-galardonado-con-la-medalla-al-merito-a-favor-de-la-diversidad-cultural","status":"publish","type":"post","link":"https:\/\/www.zunoticia.com\/noticias-de-hidalgo\/2025\/05\/27\/cecyte-hidalgo-galardonado-con-la-medalla-al-merito-a-favor-de-la-diversidad-cultural\/","title":{"rendered":"CECyTE Hidalgo galardonado con la Medalla al M\u00e9rito a favor de la\u00a0diversidad cultural"},"content":{"rendered":"<aside class=\"mashsb-container mashsb-main mashsb-stretched\"><div class=\"mashsb-box\"><div class=\"mashsb-count mash-large\" style=\"float:left\"><div class=\"counts mashsbcount\">0<\/div><span class=\"mashsb-sharetext\">SHARES<\/span><\/div><div class=\"mashsb-buttons\"><a class=\"mashicon-facebook mash-large mash-center mashsb-noshadow\" href=\"https:\/\/www.facebook.com\/sharer.php?u=https%3A%2F%2Fwww.zunoticia.com%2Fnoticias-de-hidalgo%2F2025%2F05%2F27%2Fcecyte-hidalgo-galardonado-con-la-medalla-al-merito-a-favor-de-la-diversidad-cultural%2F\" target=\"_top\" rel=\"nofollow\"><span class=\"icon\"><\/span><span class=\"text\">Share<\/span><\/a><a class=\"mashicon-twitter mash-large mash-center mashsb-noshadow\" href=\"https:\/\/twitter.com\/intent\/tweet?text=&amp;url=https:\/\/www.zunoticia.com\/noticias-de-hidalgo\/2025\/05\/27\/cecyte-hidalgo-galardonado-con-la-medalla-al-merito-a-favor-de-la-diversidad-cultural\/\" target=\"_top\" rel=\"nofollow\"><span class=\"icon\"><\/span><span class=\"text\">Tweet<\/span><\/a><div class=\"onoffswitch2 mash-large mashsb-noshadow\" style=\"display:none\"><\/div><\/div>\n            <\/div>\n                <div style=\"clear:both\"><\/div><div class=\"mashsb-toggle-container\"><\/div><\/aside>\n            <!-- Share buttons by mashshare.net - Version: 4.0.47-->\n<ul class=\"wp-block-list\">\n<li>Obtienen primeros lugares en las categor\u00edas mayores y juvenil\u00a0<\/li>\n<\/ul>\n\n\n\n<p><em>Por Redacci\u00f3n\/Zunoticia<\/em><\/p>\n\n\n\n<p><strong>Pachuca de Soto, Hgo<\/strong>.- El Colegio de Estudios Cient\u00edficos y Tecnol\u00f3gicos del Estado de Hidalgo (CECyTEH) recibi\u00f3 el primer lugar en la categor\u00eda mayores en la 9\u00aa entrega de la Medalla al M\u00e9rito a favor de la Diversidad Cultural, reconocimiento otorgado por el Movimiento Nacional por la Diversidad Cultural de M\u00e9xico en Hidalgo.<\/p>\n\n\n\n<p>Asimismo, el CECyTEH plantel Ixmiquilpan obtuvo el primer lugar en la categor\u00eda juvenil, destacando entre instituciones de todo el estado por su trabajo comprometido y profundo en materia de interculturalidad. Ambos reconocimientos fueron entregados en la conmemoraci\u00f3n del D\u00eda Mundial por la Diversidad Cultural para el Di\u00e1logo y el Desarrollo.&nbsp;<\/p>\n\n\n\n<p>El director general del CECyTEH, Edmundo Ram\u00edrez Mart\u00ednez, destac\u00f3 que este logro es reflejo del esfuerzo que el subsistema ha emprendido en favor de la formaci\u00f3n de j\u00f3venes con conciencia social, identidad cultural y respeto a la diversidad.&nbsp;<\/p>\n\n\n\n<p>Una visi\u00f3n que es impulsada firmemente por el secretario de Educaci\u00f3n P\u00fablica de Hidalgo, Natividad Castrej\u00f3n Valdez, y que responde al compromiso del gobernador del estado, Julio Menchaca Salazar, quien ha expresado que en la entidad, lo m\u00e1s valioso es la diversidad cultural y debe mantenerse viva en las nuevas generaciones.<\/p>\n\n\n\n<p>El reconocimiento fue recibido por los estudiantes del CECyTEH plantel Ixmiquilpan quienes destacaron por su talento y compromiso; Libny Jireh Garc\u00eda Trejo, Daniela L\u00f3pez Dom\u00ednguez, Nitza Itzel Olgu\u00edn Contreras, Ezequiel Cruz Trejo, David De la Cruz \u00c1ngeles, Naomi Guadalupe Morales Romero y \u00c1ngel Yamil Cort\u00e9s Cruz, con la presentaci\u00f3n de proyectos de gastronom\u00eda tradicional, rescate y preservaci\u00f3n de lenguas originarias, y representaci\u00f3n de D\u00eda de Muertos con catrinas.<\/p>\n\n\n\n<figure class=\"wp-block-image size-full\"><img fetchpriority=\"high\" decoding=\"async\" width=\"933\" height=\"524\" src=\"https:\/\/www.zunoticia.com\/noticias-de-hidalgo\/wp-content\/uploads\/2025\/05\/Zunoticia-Huejutla-328.png\" alt=\"\" class=\"wp-image-594220\"\/><\/figure>\n\n\n\n<p>Edmundo Ram\u00edrez, expres\u00f3 que, \u201ceste reconocimiento no solo celebra las estrategias que hemos impulsado desde los planteles, sino tambi\u00e9n el alma de nuestras y nuestros estudiantes que todos los d\u00edas abrazan su cultura, su lengua y su historia. La interculturalidad no es solo un eje educativo, es una forma de transformar realidades con respeto y equidad.\u201d<\/p>\n\n\n\n<p>Durante la ceremonia, los galardonados compartieron sus experiencias y pasiones en un panel, destacando sus historias y motivaciones para preservar y promover&nbsp;el patrimonio cultural de sus comunidades.<\/p>\n\n\n\n<p>Este reconocimiento consolida al CECyTE Hidalgo como una instituci\u00f3n educativa l\u00edder en la formaci\u00f3n de ciudadanos comprometidos con la identidad cultural, inclusi\u00f3n y justicia social.<\/p>\n","protected":false},"excerpt":{"rendered":"<p>Por Redacci\u00f3n\/Zunoticia Pachuca de Soto, Hgo.- El Colegio de Estudios Cient\u00edficos y Tecnol\u00f3gicos del Estado de Hidalgo (CECyTEH) recibi\u00f3 el primer lugar en la categor\u00eda mayores en la 9\u00aa entrega de la Medalla al M\u00e9rito a favor de la Diversidad Cultural, reconocimiento otorgado por el Movimiento Nacional por la Diversidad Cultural de M\u00e9xico en Hidalgo.&hellip; <a class=\"more-link\" href=\"https:\/\/www.zunoticia.com\/noticias-de-hidalgo\/2025\/05\/27\/cecyte-hidalgo-galardonado-con-la-medalla-al-merito-a-favor-de-la-diversidad-cultural\/\">Seguir leyendo <span class=\"screen-reader-text\">CECyTE Hidalgo galardonado con la Medalla al M\u00e9rito a favor de la\u00a0diversidad cultural<\/span><\/a><\/p>\n","protected":false},"author":20,"featured_media":594219,"comment_status":"open","ping_status":"open","sticky":false,"template":"","format":"standard","meta":{"rop_custom_images_group":[],"rop_custom_messages_group":[],"rop_publish_now":"initial","rop_publish_now_accounts":{"facebook_10159540855086992_322828327761733":""},"rop_publish_now_history":[],"rop_publish_now_status":"pending","footnotes":""},"categories":[208],"tags":[214],"class_list":["post-594218","post","type-post","status-publish","format-standard","has-post-thumbnail","hentry","category-estado","tag-estado","entry"],"_links":{"self":[{"href":"https:\/\/www.zunoticia.com\/noticias-de-hidalgo\/wp-json\/wp\/v2\/posts\/594218","targetHints":{"allow":["GET"]}}],"collection":[{"href":"https:\/\/www.zunoticia.com\/noticias-de-hidalgo\/wp-json\/wp\/v2\/posts"}],"about":[{"href":"https:\/\/www.zunoticia.com\/noticias-de-hidalgo\/wp-json\/wp\/v2\/types\/post"}],"author":[{"embeddable":true,"href":"https:\/\/www.zunoticia.com\/noticias-de-hidalgo\/wp-json\/wp\/v2\/users\/20"}],"replies":[{"embeddable":true,"href":"https:\/\/www.zunoticia.com\/noticias-de-hidalgo\/wp-json\/wp\/v2\/comments?post=594218"}],"version-history":[{"count":1,"href":"https:\/\/www.zunoticia.com\/noticias-de-hidalgo\/wp-json\/wp\/v2\/posts\/594218\/revisions"}],"predecessor-version":[{"id":594221,"href":"https:\/\/www.zunoticia.com\/noticias-de-hidalgo\/wp-json\/wp\/v2\/posts\/594218\/revisions\/594221"}],"wp:featuredmedia":[{"embeddable":true,"href":"https:\/\/www.zunoticia.com\/noticias-de-hidalgo\/wp-json\/wp\/v2\/media\/594219"}],"wp:attachment":[{"href":"https:\/\/www.zunoticia.com\/noticias-de-hidalgo\/wp-json\/wp\/v2\/media?parent=594218"}],"wp:term":[{"taxonomy":"category","embeddable":true,"href":"https:\/\/www.zunoticia.com\/noticias-de-hidalgo\/wp-json\/wp\/v2\/categories?post=594218"},{"taxonomy":"post_tag","embeddable":true,"href":"https:\/\/www.zunoticia.com\/noticias-de-hidalgo\/wp-json\/wp\/v2\/tags?post=594218"}],"curies":[{"name":"wp","href":"https:\/\/api.w.org\/{rel}","templated":true}]}}