{"id":594263,"date":"2025-05-27T18:23:52","date_gmt":"2025-05-28T00:23:52","guid":{"rendered":"https:\/\/www.zunoticia.com\/noticias-de-hidalgo\/?p=594263"},"modified":"2025-05-27T18:23:54","modified_gmt":"2025-05-28T00:23:54","slug":"por-altas-temperaturas-se-incrementa-la-venta-del-suero-rehidratante","status":"publish","type":"post","link":"https:\/\/www.zunoticia.com\/noticias-de-hidalgo\/2025\/05\/27\/por-altas-temperaturas-se-incrementa-la-venta-del-suero-rehidratante\/","title":{"rendered":"Por altas temperaturas se incrementa la venta del suero rehidratante"},"content":{"rendered":"<aside class=\"mashsb-container mashsb-main mashsb-stretched\"><div class=\"mashsb-box\"><div class=\"mashsb-count mash-large\" style=\"float:left\"><div class=\"counts mashsbcount\">0<\/div><span class=\"mashsb-sharetext\">SHARES<\/span><\/div><div class=\"mashsb-buttons\"><a class=\"mashicon-facebook mash-large mash-center mashsb-noshadow\" href=\"https:\/\/www.facebook.com\/sharer.php?u=https%3A%2F%2Fwww.zunoticia.com%2Fnoticias-de-hidalgo%2F2025%2F05%2F27%2Fpor-altas-temperaturas-se-incrementa-la-venta-del-suero-rehidratante%2F\" target=\"_top\" rel=\"nofollow\"><span class=\"icon\"><\/span><span class=\"text\">Share<\/span><\/a><a class=\"mashicon-twitter mash-large mash-center mashsb-noshadow\" href=\"https:\/\/twitter.com\/intent\/tweet?text=&amp;url=https:\/\/www.zunoticia.com\/noticias-de-hidalgo\/2025\/05\/27\/por-altas-temperaturas-se-incrementa-la-venta-del-suero-rehidratante\/\" target=\"_top\" rel=\"nofollow\"><span class=\"icon\"><\/span><span class=\"text\">Tweet<\/span><\/a><div class=\"onoffswitch2 mash-large mashsb-noshadow\" style=\"display:none\"><\/div><\/div>\n            <\/div>\n                <div style=\"clear:both\"><\/div><div class=\"mashsb-toggle-container\"><\/div><\/aside>\n            <!-- Share buttons by mashshare.net - Version: 4.0.47-->\n<p><em>Por Salvador Altamirano\/Zunoticia<\/em><\/p>\n\n\n\n<p><strong>Huejutla, Hgo<\/strong>.- Personal que labora en diferentes farmacias de la poblaci\u00f3n, coincidieron al expresar que por las altas temperaturas se ha incrementado la venta del suero rehidratante.<\/p>\n\n\n\n<p>Agregaron que, la demanda se est\u00e1 acentuando cada d\u00eda en el suero y botellas de agua pura, yendo a la baja el refresco, ya que su l\u00edquido es dulce y por consiguiente no quita ni mitiga la sed.<\/p>\n\n\n\n<p>A pregunta expresa, refirieron que, en \u00e9poca de extremo calor es crucial mantenerse hidratado, y por ello, se debe tomar suero para reponer electrolitos, en especial si se llevan a cabo actividades que causen sudoraci\u00f3n excesiva.<\/p>\n\n\n\n<p>Agregaron que, para evitar una deshidrataci\u00f3n o golpe de calor, el primer paso es tomar mucha agua, y no se debe de tomar suero al menos que se tenga diarrea o vomito.<\/p>\n\n\n\n<p>Para finalizar, comentaron que, en resumen, el agua es la m\u00e1s necesaria para evitar la deshidrataci\u00f3n, pero el suero oral puede ser una opci\u00f3n \u00fatil para reponer electrolitos perdidos, por lo que la venta del mismo cada d\u00eda, en esta \u00e9poca calurosa, va en aumento.<\/p>\n","protected":false},"excerpt":{"rendered":"<p>Por Salvador Altamirano\/Zunoticia Huejutla, Hgo.- Personal que labora en diferentes farmacias de la poblaci\u00f3n, coincidieron al expresar que por las altas temperaturas se ha incrementado la venta del suero rehidratante. Agregaron que, la demanda se est\u00e1 acentuando cada d\u00eda en el suero y botellas de agua pura, yendo a la baja el refresco, ya que&hellip; <a class=\"more-link\" href=\"https:\/\/www.zunoticia.com\/noticias-de-hidalgo\/2025\/05\/27\/por-altas-temperaturas-se-incrementa-la-venta-del-suero-rehidratante\/\">Seguir leyendo <span class=\"screen-reader-text\">Por altas temperaturas se incrementa la venta del suero rehidratante<\/span><\/a><\/p>\n","protected":false},"author":20,"featured_media":594264,"comment_status":"open","ping_status":"open","sticky":false,"template":"","format":"standard","meta":{"rop_custom_images_group":[],"rop_custom_messages_group":[],"rop_publish_now":"initial","rop_publish_now_accounts":{"facebook_10159540855086992_322828327761733":""},"rop_publish_now_history":[],"rop_publish_now_status":"pending","footnotes":""},"categories":[181],"tags":[121],"class_list":["post-594263","post","type-post","status-publish","format-standard","has-post-thumbnail","hentry","category-huejutla","tag-huejutla","entry"],"_links":{"self":[{"href":"https:\/\/www.zunoticia.com\/noticias-de-hidalgo\/wp-json\/wp\/v2\/posts\/594263","targetHints":{"allow":["GET"]}}],"collection":[{"href":"https:\/\/www.zunoticia.com\/noticias-de-hidalgo\/wp-json\/wp\/v2\/posts"}],"about":[{"href":"https:\/\/www.zunoticia.com\/noticias-de-hidalgo\/wp-json\/wp\/v2\/types\/post"}],"author":[{"embeddable":true,"href":"https:\/\/www.zunoticia.com\/noticias-de-hidalgo\/wp-json\/wp\/v2\/users\/20"}],"replies":[{"embeddable":true,"href":"https:\/\/www.zunoticia.com\/noticias-de-hidalgo\/wp-json\/wp\/v2\/comments?post=594263"}],"version-history":[{"count":1,"href":"https:\/\/www.zunoticia.com\/noticias-de-hidalgo\/wp-json\/wp\/v2\/posts\/594263\/revisions"}],"predecessor-version":[{"id":594265,"href":"https:\/\/www.zunoticia.com\/noticias-de-hidalgo\/wp-json\/wp\/v2\/posts\/594263\/revisions\/594265"}],"wp:featuredmedia":[{"embeddable":true,"href":"https:\/\/www.zunoticia.com\/noticias-de-hidalgo\/wp-json\/wp\/v2\/media\/594264"}],"wp:attachment":[{"href":"https:\/\/www.zunoticia.com\/noticias-de-hidalgo\/wp-json\/wp\/v2\/media?parent=594263"}],"wp:term":[{"taxonomy":"category","embeddable":true,"href":"https:\/\/www.zunoticia.com\/noticias-de-hidalgo\/wp-json\/wp\/v2\/categories?post=594263"},{"taxonomy":"post_tag","embeddable":true,"href":"https:\/\/www.zunoticia.com\/noticias-de-hidalgo\/wp-json\/wp\/v2\/tags?post=594263"}],"curies":[{"name":"wp","href":"https:\/\/api.w.org\/{rel}","templated":true}]}}