{"id":594266,"date":"2025-05-27T18:31:12","date_gmt":"2025-05-28T00:31:12","guid":{"rendered":"https:\/\/www.zunoticia.com\/noticias-de-hidalgo\/?p=594266"},"modified":"2025-05-27T18:31:14","modified_gmt":"2025-05-28T00:31:14","slug":"en-junio-se-abrira-el-parador-de-libros-del-centro-historico","status":"publish","type":"post","link":"https:\/\/www.zunoticia.com\/noticias-de-hidalgo\/2025\/05\/27\/en-junio-se-abrira-el-parador-de-libros-del-centro-historico\/","title":{"rendered":"En junio se abrir\u00e1 el Parador de libros del Centro Hist\u00f3rico"},"content":{"rendered":"<aside class=\"mashsb-container mashsb-main mashsb-stretched\"><div class=\"mashsb-box\"><div class=\"mashsb-count mash-large\" style=\"float:left\"><div class=\"counts mashsbcount\">0<\/div><span class=\"mashsb-sharetext\">SHARES<\/span><\/div><div class=\"mashsb-buttons\"><a class=\"mashicon-facebook mash-large mash-center mashsb-noshadow\" href=\"https:\/\/www.facebook.com\/sharer.php?u=https%3A%2F%2Fwww.zunoticia.com%2Fnoticias-de-hidalgo%2F2025%2F05%2F27%2Fen-junio-se-abrira-el-parador-de-libros-del-centro-historico%2F\" target=\"_top\" rel=\"nofollow\"><span class=\"icon\"><\/span><span class=\"text\">Share<\/span><\/a><a class=\"mashicon-twitter mash-large mash-center mashsb-noshadow\" href=\"https:\/\/twitter.com\/intent\/tweet?text=&amp;url=https:\/\/www.zunoticia.com\/noticias-de-hidalgo\/2025\/05\/27\/en-junio-se-abrira-el-parador-de-libros-del-centro-historico\/\" target=\"_top\" rel=\"nofollow\"><span class=\"icon\"><\/span><span class=\"text\">Tweet<\/span><\/a><div class=\"onoffswitch2 mash-large mashsb-noshadow\" style=\"display:none\"><\/div><\/div>\n            <\/div>\n                <div style=\"clear:both\"><\/div><div class=\"mashsb-toggle-container\"><\/div><\/aside>\n            <!-- Share buttons by mashshare.net - Version: 4.0.47-->\n<p><em>Por Salvador Altamirano\/Zunoticia<\/em><\/p>\n\n\n\n<p><strong>Huejutla, Hgo<\/strong>.- El mediador de Salas de Lectura, Leopoldo Enrique Iniesta Mondrag\u00f3n, manifest\u00f3 que, los libros son importantes porque nos permiten aprender, expandir nuestros conocimientos, as\u00ed como viajar a otros lugares y \u00e9pocas.<\/p>\n\n\n\n<p>Agreg\u00f3 que, por tal motivo, el pr\u00f3ximo mes de junio se reabrir\u00e1 el Parador de libros que se encuentra en el Centro Hist\u00f3rico, concretamente en la Plaza de la Revoluci\u00f3n Mexicana.<\/p>\n\n\n\n<p>Explic\u00f3 que, en el marco de la reapertura, ya que el m\u00f3dulo hace algunos a\u00f1os estuvo en funcionamiento, se obsequiar\u00e1n libros infantiles, pues ser\u00e1 un tipo de mini feria, en especial para ni\u00f1os.<\/p>\n\n\n\n<p>A pregunta expresa, refiri\u00f3 que, el m\u00f3dulo, el cual est\u00e1 a su cargo, ofrecer\u00e1 servicio al p\u00fablico en general los martes y jueves, en horario de 19:00 a 21: 00 horas, o sea, de 7:00 a 9:00 de la noche.<\/p>\n\n\n\n<p>Para finalizar, especific\u00f3 que, entre los servicios que se ofrecer\u00e1n, aunado a la promoci\u00f3n de la lectura, habr\u00e1 pr\u00e9stamos de libros a domicilio y se contar\u00e1n cuentos infantiles, entre otros.<\/p>\n\n\n\n<figure class=\"wp-block-image size-full\"><img fetchpriority=\"high\" decoding=\"async\" width=\"933\" height=\"524\" src=\"https:\/\/www.zunoticia.com\/noticias-de-hidalgo\/wp-content\/uploads\/2025\/05\/Zunoticia-Huejutla-9-2.png\" alt=\"\" class=\"wp-image-594268\"\/><\/figure>\n","protected":false},"excerpt":{"rendered":"<p>Por Salvador Altamirano\/Zunoticia Huejutla, Hgo.- El mediador de Salas de Lectura, Leopoldo Enrique Iniesta Mondrag\u00f3n, manifest\u00f3 que, los libros son importantes porque nos permiten aprender, expandir nuestros conocimientos, as\u00ed como viajar a otros lugares y \u00e9pocas. Agreg\u00f3 que, por tal motivo, el pr\u00f3ximo mes de junio se reabrir\u00e1 el Parador de libros que se encuentra&hellip; <a class=\"more-link\" href=\"https:\/\/www.zunoticia.com\/noticias-de-hidalgo\/2025\/05\/27\/en-junio-se-abrira-el-parador-de-libros-del-centro-historico\/\">Seguir leyendo <span class=\"screen-reader-text\">En junio se abrir\u00e1 el Parador de libros del Centro Hist\u00f3rico<\/span><\/a><\/p>\n","protected":false},"author":20,"featured_media":594267,"comment_status":"open","ping_status":"open","sticky":false,"template":"","format":"standard","meta":{"rop_custom_images_group":[],"rop_custom_messages_group":[],"rop_publish_now":"initial","rop_publish_now_accounts":{"facebook_10159540855086992_322828327761733":""},"rop_publish_now_history":[],"rop_publish_now_status":"pending","footnotes":""},"categories":[181],"tags":[121],"class_list":["post-594266","post","type-post","status-publish","format-standard","has-post-thumbnail","hentry","category-huejutla","tag-huejutla","entry"],"_links":{"self":[{"href":"https:\/\/www.zunoticia.com\/noticias-de-hidalgo\/wp-json\/wp\/v2\/posts\/594266","targetHints":{"allow":["GET"]}}],"collection":[{"href":"https:\/\/www.zunoticia.com\/noticias-de-hidalgo\/wp-json\/wp\/v2\/posts"}],"about":[{"href":"https:\/\/www.zunoticia.com\/noticias-de-hidalgo\/wp-json\/wp\/v2\/types\/post"}],"author":[{"embeddable":true,"href":"https:\/\/www.zunoticia.com\/noticias-de-hidalgo\/wp-json\/wp\/v2\/users\/20"}],"replies":[{"embeddable":true,"href":"https:\/\/www.zunoticia.com\/noticias-de-hidalgo\/wp-json\/wp\/v2\/comments?post=594266"}],"version-history":[{"count":1,"href":"https:\/\/www.zunoticia.com\/noticias-de-hidalgo\/wp-json\/wp\/v2\/posts\/594266\/revisions"}],"predecessor-version":[{"id":594269,"href":"https:\/\/www.zunoticia.com\/noticias-de-hidalgo\/wp-json\/wp\/v2\/posts\/594266\/revisions\/594269"}],"wp:featuredmedia":[{"embeddable":true,"href":"https:\/\/www.zunoticia.com\/noticias-de-hidalgo\/wp-json\/wp\/v2\/media\/594267"}],"wp:attachment":[{"href":"https:\/\/www.zunoticia.com\/noticias-de-hidalgo\/wp-json\/wp\/v2\/media?parent=594266"}],"wp:term":[{"taxonomy":"category","embeddable":true,"href":"https:\/\/www.zunoticia.com\/noticias-de-hidalgo\/wp-json\/wp\/v2\/categories?post=594266"},{"taxonomy":"post_tag","embeddable":true,"href":"https:\/\/www.zunoticia.com\/noticias-de-hidalgo\/wp-json\/wp\/v2\/tags?post=594266"}],"curies":[{"name":"wp","href":"https:\/\/api.w.org\/{rel}","templated":true}]}}