{"id":594278,"date":"2025-05-27T18:53:00","date_gmt":"2025-05-28T00:53:00","guid":{"rendered":"https:\/\/www.zunoticia.com\/noticias-de-hidalgo\/?p=594278"},"modified":"2025-05-27T18:53:02","modified_gmt":"2025-05-28T00:53:02","slug":"el-senador-cuauhtemoc-ochoa-realiza-gira-por-la-huasteca","status":"publish","type":"post","link":"https:\/\/www.zunoticia.com\/noticias-de-hidalgo\/2025\/05\/27\/el-senador-cuauhtemoc-ochoa-realiza-gira-por-la-huasteca\/","title":{"rendered":"El senador Cuauht\u00e9moc Ochoa realiza gira por la Huasteca"},"content":{"rendered":"<aside class=\"mashsb-container mashsb-main mashsb-stretched\"><div class=\"mashsb-box\"><div class=\"mashsb-count mash-large\" style=\"float:left\"><div class=\"counts mashsbcount\">0<\/div><span class=\"mashsb-sharetext\">SHARES<\/span><\/div><div class=\"mashsb-buttons\"><a class=\"mashicon-facebook mash-large mash-center mashsb-noshadow\" href=\"https:\/\/www.facebook.com\/sharer.php?u=https%3A%2F%2Fwww.zunoticia.com%2Fnoticias-de-hidalgo%2F2025%2F05%2F27%2Fel-senador-cuauhtemoc-ochoa-realiza-gira-por-la-huasteca%2F\" target=\"_top\" rel=\"nofollow\"><span class=\"icon\"><\/span><span class=\"text\">Share<\/span><\/a><a class=\"mashicon-twitter mash-large mash-center mashsb-noshadow\" href=\"https:\/\/twitter.com\/intent\/tweet?text=&amp;url=https:\/\/www.zunoticia.com\/noticias-de-hidalgo\/2025\/05\/27\/el-senador-cuauhtemoc-ochoa-realiza-gira-por-la-huasteca\/\" target=\"_top\" rel=\"nofollow\"><span class=\"icon\"><\/span><span class=\"text\">Tweet<\/span><\/a><div class=\"onoffswitch2 mash-large mashsb-noshadow\" style=\"display:none\"><\/div><\/div>\n            <\/div>\n                <div style=\"clear:both\"><\/div><div class=\"mashsb-toggle-container\"><\/div><\/aside>\n            <!-- Share buttons by mashshare.net - Version: 4.0.47-->\n<p><em>Por Enedino Hern\u00e1ndez Alonso\/Zunoticia<\/em><\/p>\n\n\n\n<p><strong>Huejutla, Hgo<\/strong>.- El senador de la Rep\u00fablica, Cuauht\u00e9moc Ochoa, realiz\u00f3 durante este martes 27 de mayo, una intensa gira de trabajo por esta zona de la Huasteca, su actividad la inici\u00f3 con un recorrido por el \u00e1rea del Mercado municipal de Huejutla de Reyes, lugar en donde se reuni\u00f3 con los directivos de la Uni\u00f3n de Comerciantes Locatarios y Ambulantes (UCLA), quienes dialogaron sobre diversas situaciones en el \u00e1mbito comercial.<\/p>\n\n\n\n<p>Previamente, Cuauht\u00e9moc Ochoa habl\u00f3 con los medios de comunicaci\u00f3n sobre el proceso electoral extraordinario a realizarse el primero de junio, en el cual los ciudadanos proceder\u00e1n a elegir a Jueces, Magistrados y Ministros del Poder Judicial de la Federaci\u00f3n.<\/p>\n\n\n\n<p>Dijo, \u201cen este proceso ser\u00e1 el pueblo quien proceder\u00e1 a elegir y eso habla de la democracia que va a existir en cualquier gobierno, la cr\u00edtica de la oposici\u00f3n es que les duele que hoy la gente sea votada y que no la elijan unos cuantos, que el poder no lo tengan los partidos pol\u00edticos sobre los magistrados para que puedan esconder abajo del escritorio una demanda.<\/p>\n\n\n\n<p>Hoy tanto los Jueces, Magistrados y Ministros van a ser votados y ellos van a tener que responder a la votaci\u00f3n de la poblaci\u00f3n, lo importante de esta reforma es que la Ley sea expedita, transparente y que se dejen a un lado los poderes f\u00e1cticos\u201d.<\/p>\n\n\n\n<p>Indic\u00f3 que, se tendr\u00e1 una votaci\u00f3n abierta, \u201cquien vaya a votar va a poder elegir a quien quiera que el d\u00eda de ma\u00f1ana lo juzgue si es necesario y si no, lo defienda, con todo ello, expone que, esperan una adecuada aplicaci\u00f3n de la justicia.<\/p>\n\n\n\n<p>Insisti\u00f3 que, es por ello que se ha pedido que los Jueces, Magistrados y Ministros sean votados, para que se tenga una transparencia en la aplicaci\u00f3n de la Ley, para que los fideicomisos no existieran y para que los mismos Magistrados no ganaran m\u00e1s que el presidente.<\/p>\n\n\n\n<p>Cuauht\u00e9moc Ochoa, consider\u00f3 que, en una democracia siempre es importante que la gente pueda elegir a sus propios juzgadores, por lo que se tiene que esperar al primero de junio para ver al pueblo a qui\u00e9nes elige.<\/p>\n\n\n\n<p>Finalmente, se logr\u00f3 conocer que, como segundo evento del d\u00eda de su recorrido particip\u00f3 en una Asamblea Informativa en Cuaxopotitla y posteriormente hizo lo propio con una Asamblea Informativa en la poblaci\u00f3n de Santa Mar\u00eda.<\/p>\n\n\n\n<figure class=\"wp-block-gallery has-nested-images columns-default is-cropped wp-block-gallery-1 is-layout-flex wp-block-gallery-is-layout-flex\">\n<figure class=\"wp-block-image size-large\"><img fetchpriority=\"high\" decoding=\"async\" width=\"933\" height=\"524\" data-id=\"594280\" src=\"https:\/\/www.zunoticia.com\/noticias-de-hidalgo\/wp-content\/uploads\/2025\/05\/Zunoticia-Huejutla-2-106.png\" alt=\"\" class=\"wp-image-594280\"\/><\/figure>\n\n\n\n<figure class=\"wp-block-image size-large\"><img decoding=\"async\" width=\"933\" height=\"524\" data-id=\"594281\" src=\"https:\/\/www.zunoticia.com\/noticias-de-hidalgo\/wp-content\/uploads\/2025\/05\/Zunoticia-Huejutla-1-234.png\" alt=\"\" class=\"wp-image-594281\"\/><\/figure>\n<\/figure>\n","protected":false},"excerpt":{"rendered":"<p>Por Enedino Hern\u00e1ndez Alonso\/Zunoticia Huejutla, Hgo.- El senador de la Rep\u00fablica, Cuauht\u00e9moc Ochoa, realiz\u00f3 durante este martes 27 de mayo, una intensa gira de trabajo por esta zona de la Huasteca, su actividad la inici\u00f3 con un recorrido por el \u00e1rea del Mercado municipal de Huejutla de Reyes, lugar en donde se reuni\u00f3 con los&hellip; <a class=\"more-link\" href=\"https:\/\/www.zunoticia.com\/noticias-de-hidalgo\/2025\/05\/27\/el-senador-cuauhtemoc-ochoa-realiza-gira-por-la-huasteca\/\">Seguir leyendo <span class=\"screen-reader-text\">El senador Cuauht\u00e9moc Ochoa realiza gira por la Huasteca<\/span><\/a><\/p>\n","protected":false},"author":20,"featured_media":594279,"comment_status":"open","ping_status":"open","sticky":false,"template":"","format":"standard","meta":{"rop_custom_images_group":[],"rop_custom_messages_group":[],"rop_publish_now":"initial","rop_publish_now_accounts":{"facebook_10159540855086992_322828327761733":""},"rop_publish_now_history":[],"rop_publish_now_status":"pending","footnotes":""},"categories":[181],"tags":[121],"class_list":["post-594278","post","type-post","status-publish","format-standard","has-post-thumbnail","hentry","category-huejutla","tag-huejutla","entry"],"_links":{"self":[{"href":"https:\/\/www.zunoticia.com\/noticias-de-hidalgo\/wp-json\/wp\/v2\/posts\/594278","targetHints":{"allow":["GET"]}}],"collection":[{"href":"https:\/\/www.zunoticia.com\/noticias-de-hidalgo\/wp-json\/wp\/v2\/posts"}],"about":[{"href":"https:\/\/www.zunoticia.com\/noticias-de-hidalgo\/wp-json\/wp\/v2\/types\/post"}],"author":[{"embeddable":true,"href":"https:\/\/www.zunoticia.com\/noticias-de-hidalgo\/wp-json\/wp\/v2\/users\/20"}],"replies":[{"embeddable":true,"href":"https:\/\/www.zunoticia.com\/noticias-de-hidalgo\/wp-json\/wp\/v2\/comments?post=594278"}],"version-history":[{"count":1,"href":"https:\/\/www.zunoticia.com\/noticias-de-hidalgo\/wp-json\/wp\/v2\/posts\/594278\/revisions"}],"predecessor-version":[{"id":594282,"href":"https:\/\/www.zunoticia.com\/noticias-de-hidalgo\/wp-json\/wp\/v2\/posts\/594278\/revisions\/594282"}],"wp:featuredmedia":[{"embeddable":true,"href":"https:\/\/www.zunoticia.com\/noticias-de-hidalgo\/wp-json\/wp\/v2\/media\/594279"}],"wp:attachment":[{"href":"https:\/\/www.zunoticia.com\/noticias-de-hidalgo\/wp-json\/wp\/v2\/media?parent=594278"}],"wp:term":[{"taxonomy":"category","embeddable":true,"href":"https:\/\/www.zunoticia.com\/noticias-de-hidalgo\/wp-json\/wp\/v2\/categories?post=594278"},{"taxonomy":"post_tag","embeddable":true,"href":"https:\/\/www.zunoticia.com\/noticias-de-hidalgo\/wp-json\/wp\/v2\/tags?post=594278"}],"curies":[{"name":"wp","href":"https:\/\/api.w.org\/{rel}","templated":true}]}}