{"id":594283,"date":"2025-05-27T19:03:35","date_gmt":"2025-05-28T01:03:35","guid":{"rendered":"https:\/\/www.zunoticia.com\/noticias-de-hidalgo\/?p=594283"},"modified":"2025-05-27T19:03:37","modified_gmt":"2025-05-28T01:03:37","slug":"se-vera-afectado-el-suministro-de-agua-potable-en-algunas-colonias-de-huejutla","status":"publish","type":"post","link":"https:\/\/www.zunoticia.com\/noticias-de-hidalgo\/2025\/05\/27\/se-vera-afectado-el-suministro-de-agua-potable-en-algunas-colonias-de-huejutla\/","title":{"rendered":"Se ver\u00e1 afectado el suministro de agua potable en algunas colonias de Huejutla"},"content":{"rendered":"<aside class=\"mashsb-container mashsb-main mashsb-stretched\"><div class=\"mashsb-box\"><div class=\"mashsb-count mash-large\" style=\"float:left\"><div class=\"counts mashsbcount\">0<\/div><span class=\"mashsb-sharetext\">SHARES<\/span><\/div><div class=\"mashsb-buttons\"><a class=\"mashicon-facebook mash-large mash-center mashsb-noshadow\" href=\"https:\/\/www.facebook.com\/sharer.php?u=https%3A%2F%2Fwww.zunoticia.com%2Fnoticias-de-hidalgo%2F2025%2F05%2F27%2Fse-vera-afectado-el-suministro-de-agua-potable-en-algunas-colonias-de-huejutla%2F\" target=\"_top\" rel=\"nofollow\"><span class=\"icon\"><\/span><span class=\"text\">Share<\/span><\/a><a class=\"mashicon-twitter mash-large mash-center mashsb-noshadow\" href=\"https:\/\/twitter.com\/intent\/tweet?text=&amp;url=https:\/\/www.zunoticia.com\/noticias-de-hidalgo\/2025\/05\/27\/se-vera-afectado-el-suministro-de-agua-potable-en-algunas-colonias-de-huejutla\/\" target=\"_top\" rel=\"nofollow\"><span class=\"icon\"><\/span><span class=\"text\">Tweet<\/span><\/a><div class=\"onoffswitch2 mash-large mashsb-noshadow\" style=\"display:none\"><\/div><\/div>\n            <\/div>\n                <div style=\"clear:both\"><\/div><div class=\"mashsb-toggle-container\"><\/div><\/aside>\n            <!-- Share buttons by mashshare.net - Version: 4.0.47-->\n<p><em>Por Gabriela Hern\u00e1ndez\/Zunoticia<\/em><\/p>\n\n\n\n<p><strong>Huejutla, Hgo<\/strong>. &#8211;&nbsp; Mediante un comunicado, la Comisi\u00f3n de Agua Potable, Alcantarillado y Saneamiento de Huejutla, inform\u00f3 a la poblaci\u00f3n que, debido a las variaciones de voltaje registradas en los \u00faltimos d\u00edas en diversas zonas del municipio, principalmente en las localidades de Los Otates, Calmecate, Congreso Permanente Agrario y Rancho Viejo, por lo que al igual que el resto de la poblaci\u00f3n, el sistema de bombeo del r\u00edo Los Hules se ha visto afectado en su rendimiento.<\/p>\n\n\n\n<p>Para evitar da\u00f1os en los componentes de los equipos de bombeo, la CAPASHH ha tomado medidas preventivas que podr\u00edan repercutir en la disminuci\u00f3n o suspensi\u00f3n temporal del suministro de agua potable en algunas colonias como Valle del Encinal, FOVISSSTE, colonia del Carmen, Flavio Crespo, An\u00e1huac, Los Prados, Parque de Poblamiento, Tepoxteco, Tepoxtequito y zonas aleda\u00f1as.<\/p>\n\n\n\n<p>\u201cLamentablemente el suministro de agua depende completamente del servicio de energ\u00eda el\u00e9ctrica y esta \u00faltima no se encuentra bajo control de este organismo\u201d, por lo que agradecen la comprensi\u00f3n y paciencia de la ciudadan\u00eda, mientras se trabaja para restablecer el servicio con la mayor prontitud posible.<\/p>\n","protected":false},"excerpt":{"rendered":"<p>Por Gabriela Hern\u00e1ndez\/Zunoticia Huejutla, Hgo. &#8211;&nbsp; Mediante un comunicado, la Comisi\u00f3n de Agua Potable, Alcantarillado y Saneamiento de Huejutla, inform\u00f3 a la poblaci\u00f3n que, debido a las variaciones de voltaje registradas en los \u00faltimos d\u00edas en diversas zonas del municipio, principalmente en las localidades de Los Otates, Calmecate, Congreso Permanente Agrario y Rancho Viejo, por&hellip; <a class=\"more-link\" href=\"https:\/\/www.zunoticia.com\/noticias-de-hidalgo\/2025\/05\/27\/se-vera-afectado-el-suministro-de-agua-potable-en-algunas-colonias-de-huejutla\/\">Seguir leyendo <span class=\"screen-reader-text\">Se ver\u00e1 afectado el suministro de agua potable en algunas colonias de Huejutla<\/span><\/a><\/p>\n","protected":false},"author":20,"featured_media":594284,"comment_status":"open","ping_status":"open","sticky":false,"template":"","format":"standard","meta":{"rop_custom_images_group":[],"rop_custom_messages_group":[],"rop_publish_now":"initial","rop_publish_now_accounts":{"facebook_10159540855086992_322828327761733":""},"rop_publish_now_history":[],"rop_publish_now_status":"pending","footnotes":""},"categories":[181],"tags":[121],"class_list":["post-594283","post","type-post","status-publish","format-standard","has-post-thumbnail","hentry","category-huejutla","tag-huejutla","entry"],"_links":{"self":[{"href":"https:\/\/www.zunoticia.com\/noticias-de-hidalgo\/wp-json\/wp\/v2\/posts\/594283","targetHints":{"allow":["GET"]}}],"collection":[{"href":"https:\/\/www.zunoticia.com\/noticias-de-hidalgo\/wp-json\/wp\/v2\/posts"}],"about":[{"href":"https:\/\/www.zunoticia.com\/noticias-de-hidalgo\/wp-json\/wp\/v2\/types\/post"}],"author":[{"embeddable":true,"href":"https:\/\/www.zunoticia.com\/noticias-de-hidalgo\/wp-json\/wp\/v2\/users\/20"}],"replies":[{"embeddable":true,"href":"https:\/\/www.zunoticia.com\/noticias-de-hidalgo\/wp-json\/wp\/v2\/comments?post=594283"}],"version-history":[{"count":1,"href":"https:\/\/www.zunoticia.com\/noticias-de-hidalgo\/wp-json\/wp\/v2\/posts\/594283\/revisions"}],"predecessor-version":[{"id":594285,"href":"https:\/\/www.zunoticia.com\/noticias-de-hidalgo\/wp-json\/wp\/v2\/posts\/594283\/revisions\/594285"}],"wp:featuredmedia":[{"embeddable":true,"href":"https:\/\/www.zunoticia.com\/noticias-de-hidalgo\/wp-json\/wp\/v2\/media\/594284"}],"wp:attachment":[{"href":"https:\/\/www.zunoticia.com\/noticias-de-hidalgo\/wp-json\/wp\/v2\/media?parent=594283"}],"wp:term":[{"taxonomy":"category","embeddable":true,"href":"https:\/\/www.zunoticia.com\/noticias-de-hidalgo\/wp-json\/wp\/v2\/categories?post=594283"},{"taxonomy":"post_tag","embeddable":true,"href":"https:\/\/www.zunoticia.com\/noticias-de-hidalgo\/wp-json\/wp\/v2\/tags?post=594283"}],"curies":[{"name":"wp","href":"https:\/\/api.w.org\/{rel}","templated":true}]}}