{"id":594295,"date":"2025-05-27T20:26:59","date_gmt":"2025-05-28T02:26:59","guid":{"rendered":"https:\/\/www.zunoticia.com\/noticias-de-hidalgo\/?p=594295"},"modified":"2025-05-27T20:27:00","modified_gmt":"2025-05-28T02:27:00","slug":"dif-huejutla-mejora-la-vida-de-pacientes-con-cataratas","status":"publish","type":"post","link":"https:\/\/www.zunoticia.com\/noticias-de-hidalgo\/2025\/05\/27\/dif-huejutla-mejora-la-vida-de-pacientes-con-cataratas\/","title":{"rendered":"DIF Huejutla mejora la vida de pacientes con cataratas"},"content":{"rendered":"<aside class=\"mashsb-container mashsb-main mashsb-stretched\"><div class=\"mashsb-box\"><div class=\"mashsb-count mash-large\" style=\"float:left\"><div class=\"counts mashsbcount\">0<\/div><span class=\"mashsb-sharetext\">SHARES<\/span><\/div><div class=\"mashsb-buttons\"><a class=\"mashicon-facebook mash-large mash-center mashsb-noshadow\" href=\"https:\/\/www.facebook.com\/sharer.php?u=https%3A%2F%2Fwww.zunoticia.com%2Fnoticias-de-hidalgo%2F2025%2F05%2F27%2Fdif-huejutla-mejora-la-vida-de-pacientes-con-cataratas%2F\" target=\"_top\" rel=\"nofollow\"><span class=\"icon\"><\/span><span class=\"text\">Share<\/span><\/a><a class=\"mashicon-twitter mash-large mash-center mashsb-noshadow\" href=\"https:\/\/twitter.com\/intent\/tweet?text=&amp;url=https:\/\/www.zunoticia.com\/noticias-de-hidalgo\/2025\/05\/27\/dif-huejutla-mejora-la-vida-de-pacientes-con-cataratas\/\" target=\"_top\" rel=\"nofollow\"><span class=\"icon\"><\/span><span class=\"text\">Tweet<\/span><\/a><div class=\"onoffswitch2 mash-large mashsb-noshadow\" style=\"display:none\"><\/div><\/div>\n            <\/div>\n                <div style=\"clear:both\"><\/div><div class=\"mashsb-toggle-container\"><\/div><\/aside>\n            <!-- Share buttons by mashshare.net - Version: 4.0.47-->\n<p><em>Por Redacci\u00f3n\/Zunoticia<\/em><\/p>\n\n\n\n<p><strong>Huejutla de Reyes, Hgo.-<\/strong> Con el prop\u00f3sito de atender y mejorar la salud visual de los adultos mayores, gracias a las gestiones del Gobierno Municipal, que encabeza el Presidente Jos\u00e9 Alfredo San Rom\u00e1n Duval y la Presidenta del Sistema DIF, Kristel Rodr\u00edguez Flores, en conjunto con el DIF Hidalgo y la Secretar\u00eda de Salud, 10 beneficiarios de la Oficina de Ayudas Asistenciales DIF, sin seguridad social, fueron trasladados al Hospital General de la ciudad de Pachuca, para participar en la Jornada M\u00e9dica de Cirug\u00edas de Cataratas a bajo costo.<\/p>\n\n\n\n<p>Como parte de esta primera etapa, los adultos mayores recibieron atenci\u00f3n m\u00e9dica especializada, previa a la intervenci\u00f3n quir\u00fargica, la cual se llevar\u00e1 a cabo en los pr\u00f3ximos d\u00edas, con el acompa\u00f1amiento y seguimiento del DIF Municipal, con el prop\u00f3sito de poder brindarles una segunda oportunidad para ver con claridad y elevar su calidad de vida, por una vejez m\u00e1s digna, activa y saludable.<\/p>\n\n\n\n<p>Estas acciones representan un avance significativo en la reducci\u00f3n de ceguera y en la mejora de la salud visual de las personas mayores de 60 a\u00f1os, procedentes, principalmente, de localidades marginadas, con lo que se refuerza el compromiso de la administraci\u00f3n municipal y el Sistema DIF Huejutla para trabajar de manera coordinada por la inclusi\u00f3n, el bienestar social y el acceso a servicios m\u00e9dicos de calidad para quienes m\u00e1s&nbsp;lo&nbsp;necesitan.<\/p>\n","protected":false},"excerpt":{"rendered":"<p>Por Redacci\u00f3n\/Zunoticia Huejutla de Reyes, Hgo.- Con el prop\u00f3sito de atender y mejorar la salud visual de los adultos mayores, gracias a las gestiones del Gobierno Municipal, que encabeza el Presidente Jos\u00e9 Alfredo San Rom\u00e1n Duval y la Presidenta del Sistema DIF, Kristel Rodr\u00edguez Flores, en conjunto con el DIF Hidalgo y la Secretar\u00eda de&hellip; <a class=\"more-link\" href=\"https:\/\/www.zunoticia.com\/noticias-de-hidalgo\/2025\/05\/27\/dif-huejutla-mejora-la-vida-de-pacientes-con-cataratas\/\">Seguir leyendo <span class=\"screen-reader-text\">DIF Huejutla mejora la vida de pacientes con cataratas<\/span><\/a><\/p>\n","protected":false},"author":12,"featured_media":594299,"comment_status":"open","ping_status":"open","sticky":false,"template":"","format":"standard","meta":{"rop_custom_images_group":[],"rop_custom_messages_group":[],"rop_publish_now":"initial","rop_publish_now_accounts":{"facebook_10159540855086992_322828327761733":""},"rop_publish_now_history":[],"rop_publish_now_status":"pending","footnotes":""},"categories":[181],"tags":[121],"class_list":["post-594295","post","type-post","status-publish","format-standard","has-post-thumbnail","hentry","category-huejutla","tag-huejutla","entry"],"_links":{"self":[{"href":"https:\/\/www.zunoticia.com\/noticias-de-hidalgo\/wp-json\/wp\/v2\/posts\/594295","targetHints":{"allow":["GET"]}}],"collection":[{"href":"https:\/\/www.zunoticia.com\/noticias-de-hidalgo\/wp-json\/wp\/v2\/posts"}],"about":[{"href":"https:\/\/www.zunoticia.com\/noticias-de-hidalgo\/wp-json\/wp\/v2\/types\/post"}],"author":[{"embeddable":true,"href":"https:\/\/www.zunoticia.com\/noticias-de-hidalgo\/wp-json\/wp\/v2\/users\/12"}],"replies":[{"embeddable":true,"href":"https:\/\/www.zunoticia.com\/noticias-de-hidalgo\/wp-json\/wp\/v2\/comments?post=594295"}],"version-history":[{"count":1,"href":"https:\/\/www.zunoticia.com\/noticias-de-hidalgo\/wp-json\/wp\/v2\/posts\/594295\/revisions"}],"predecessor-version":[{"id":594304,"href":"https:\/\/www.zunoticia.com\/noticias-de-hidalgo\/wp-json\/wp\/v2\/posts\/594295\/revisions\/594304"}],"wp:featuredmedia":[{"embeddable":true,"href":"https:\/\/www.zunoticia.com\/noticias-de-hidalgo\/wp-json\/wp\/v2\/media\/594299"}],"wp:attachment":[{"href":"https:\/\/www.zunoticia.com\/noticias-de-hidalgo\/wp-json\/wp\/v2\/media?parent=594295"}],"wp:term":[{"taxonomy":"category","embeddable":true,"href":"https:\/\/www.zunoticia.com\/noticias-de-hidalgo\/wp-json\/wp\/v2\/categories?post=594295"},{"taxonomy":"post_tag","embeddable":true,"href":"https:\/\/www.zunoticia.com\/noticias-de-hidalgo\/wp-json\/wp\/v2\/tags?post=594295"}],"curies":[{"name":"wp","href":"https:\/\/api.w.org\/{rel}","templated":true}]}}