{"id":594296,"date":"2025-05-27T20:26:54","date_gmt":"2025-05-28T02:26:54","guid":{"rendered":"https:\/\/www.zunoticia.com\/noticias-de-hidalgo\/?p=594296"},"modified":"2025-05-27T20:26:57","modified_gmt":"2025-05-28T02:26:57","slug":"hidalgo-rompe-record-en-ocupacion-y-reduccion-del-desempleo","status":"publish","type":"post","link":"https:\/\/www.zunoticia.com\/noticias-de-hidalgo\/2025\/05\/27\/hidalgo-rompe-record-en-ocupacion-y-reduccion-del-desempleo\/","title":{"rendered":"Hidalgo rompe r\u00e9cord en ocupaci\u00f3n y reducci\u00f3n del desempleo"},"content":{"rendered":"<aside class=\"mashsb-container mashsb-main mashsb-stretched\"><div class=\"mashsb-box\"><div class=\"mashsb-count mash-large\" style=\"float:left\"><div class=\"counts mashsbcount\">0<\/div><span class=\"mashsb-sharetext\">SHARES<\/span><\/div><div class=\"mashsb-buttons\"><a class=\"mashicon-facebook mash-large mash-center mashsb-noshadow\" href=\"https:\/\/www.facebook.com\/sharer.php?u=https%3A%2F%2Fwww.zunoticia.com%2Fnoticias-de-hidalgo%2F2025%2F05%2F27%2Fhidalgo-rompe-record-en-ocupacion-y-reduccion-del-desempleo%2F\" target=\"_top\" rel=\"nofollow\"><span class=\"icon\"><\/span><span class=\"text\">Share<\/span><\/a><a class=\"mashicon-twitter mash-large mash-center mashsb-noshadow\" href=\"https:\/\/twitter.com\/intent\/tweet?text=&amp;url=https:\/\/www.zunoticia.com\/noticias-de-hidalgo\/2025\/05\/27\/hidalgo-rompe-record-en-ocupacion-y-reduccion-del-desempleo\/\" target=\"_top\" rel=\"nofollow\"><span class=\"icon\"><\/span><span class=\"text\">Tweet<\/span><\/a><div class=\"onoffswitch2 mash-large mashsb-noshadow\" style=\"display:none\"><\/div><\/div>\n            <\/div>\n                <div style=\"clear:both\"><\/div><div class=\"mashsb-toggle-container\"><\/div><\/aside>\n            <!-- Share buttons by mashshare.net - Version: 4.0.47-->\n<ul class=\"wp-block-list\">\n<li>Al corte del primer trimestre del a\u00f1o, la entidad se coloca como l\u00edder por mayor incremento en el porcentaje de personas ocupadas.<\/li>\n<\/ul>\n\n\n\n<p><em>Por Redacci<\/em><em>\u00f3n\/Zunoticia<\/em><\/p>\n\n\n\n<p><strong>Mineral de la Reforma, Hgo.-<\/strong> De acuerdo con los resultados de la Encuesta Nacional de Ocupaci\u00f3n y Empleo (ENOE) del Instituto Nacional de Geograf\u00eda y Estad\u00edstica (INEGI), la cifra de ocupados en el estado de Hidalgo present\u00f3 un crecimiento del 3.9 % a tasa anual, lo cual posiciona a la entidad en el primer lugar nacional por mayor incremento.<\/p>\n\n\n\n<p>Esto, en contraste con la ca\u00edda nacional de -0.2 %. En ese sentido, se report\u00f3 que un total de 59 millones de personas estuvieron ocupadas, 120 mil menos en relaci\u00f3n con el primer trimestre de 2024.<\/p>\n\n\n\n<p>La entidad alcanz\u00f3 un nivel hist\u00f3rico en este indicador, pues registr\u00f3 un mill\u00f3n 492 mil 541 personas ocupadas, lo cual se traduce en 56 mil 528 hidalguenses m\u00e1s con empleo, en comparaci\u00f3n con el a\u00f1o anterior.<\/p>\n\n\n\n<figure class=\"wp-block-image size-full\"><img fetchpriority=\"high\" decoding=\"async\" width=\"1280\" height=\"853\" src=\"https:\/\/www.zunoticia.com\/noticias-de-hidalgo\/wp-content\/uploads\/2025\/05\/eZy-Watermark_27-05-2025_08-19-53-5660p.m.jpg\" alt=\"\" class=\"wp-image-594300\"\/><\/figure>\n\n\n\n<p>Este logro se debe, principalmente, al impulso en el sector de servicios, con 36 mil 912 nuevos ocupados, seguido por el de la construcci\u00f3n, que sum\u00f3 29 mil 477 puestos de trabajo.<\/p>\n\n\n\n<p>A nivel nacional, los sectores de actividad econ\u00f3mica que presentaron ca\u00eddas m\u00e1s significativas en cuanto a ocupaci\u00f3n fueron agricultura, ganader\u00eda, silvicultura, caza y pesca; gobierno y organismos internacionales, as\u00ed como industria manufacturera.<\/p>\n\n\n\n<figure class=\"wp-block-image size-full\"><img decoding=\"async\" width=\"1280\" height=\"853\" src=\"https:\/\/www.zunoticia.com\/noticias-de-hidalgo\/wp-content\/uploads\/2025\/05\/eZy-Watermark_27-05-2025_08-20-57-6180p.m.jpg\" alt=\"\" class=\"wp-image-594302\"\/><\/figure>\n\n\n\n<p>Estos resultados son muestra del compromiso del gobernador Julio Menchaca con el desarrollo econ\u00f3mico del estado, a trav\u00e9s de la atracci\u00f3n de inversiones que generen empleos permanentes, mismos que repercutan de manera positiva en la calidad de vida de la poblaci\u00f3n hidalguense.<\/p>\n","protected":false},"excerpt":{"rendered":"<p>Por Redacci\u00f3n\/Zunoticia Mineral de la Reforma, Hgo.- De acuerdo con los resultados de la Encuesta Nacional de Ocupaci\u00f3n y Empleo (ENOE) del Instituto Nacional de Geograf\u00eda y Estad\u00edstica (INEGI), la cifra de ocupados en el estado de Hidalgo present\u00f3 un crecimiento del 3.9 % a tasa anual, lo cual posiciona a la entidad en el&hellip; <a class=\"more-link\" href=\"https:\/\/www.zunoticia.com\/noticias-de-hidalgo\/2025\/05\/27\/hidalgo-rompe-record-en-ocupacion-y-reduccion-del-desempleo\/\">Seguir leyendo <span class=\"screen-reader-text\">Hidalgo rompe r\u00e9cord en ocupaci\u00f3n y reducci\u00f3n del desempleo<\/span><\/a><\/p>\n","protected":false},"author":12,"featured_media":594301,"comment_status":"open","ping_status":"open","sticky":false,"template":"","format":"standard","meta":{"rop_custom_images_group":[],"rop_custom_messages_group":[],"rop_publish_now":"initial","rop_publish_now_accounts":{"facebook_10159540855086992_322828327761733":""},"rop_publish_now_history":[],"rop_publish_now_status":"pending","footnotes":""},"categories":[208],"tags":[214],"class_list":["post-594296","post","type-post","status-publish","format-standard","has-post-thumbnail","hentry","category-estado","tag-estado","entry"],"_links":{"self":[{"href":"https:\/\/www.zunoticia.com\/noticias-de-hidalgo\/wp-json\/wp\/v2\/posts\/594296","targetHints":{"allow":["GET"]}}],"collection":[{"href":"https:\/\/www.zunoticia.com\/noticias-de-hidalgo\/wp-json\/wp\/v2\/posts"}],"about":[{"href":"https:\/\/www.zunoticia.com\/noticias-de-hidalgo\/wp-json\/wp\/v2\/types\/post"}],"author":[{"embeddable":true,"href":"https:\/\/www.zunoticia.com\/noticias-de-hidalgo\/wp-json\/wp\/v2\/users\/12"}],"replies":[{"embeddable":true,"href":"https:\/\/www.zunoticia.com\/noticias-de-hidalgo\/wp-json\/wp\/v2\/comments?post=594296"}],"version-history":[{"count":1,"href":"https:\/\/www.zunoticia.com\/noticias-de-hidalgo\/wp-json\/wp\/v2\/posts\/594296\/revisions"}],"predecessor-version":[{"id":594303,"href":"https:\/\/www.zunoticia.com\/noticias-de-hidalgo\/wp-json\/wp\/v2\/posts\/594296\/revisions\/594303"}],"wp:featuredmedia":[{"embeddable":true,"href":"https:\/\/www.zunoticia.com\/noticias-de-hidalgo\/wp-json\/wp\/v2\/media\/594301"}],"wp:attachment":[{"href":"https:\/\/www.zunoticia.com\/noticias-de-hidalgo\/wp-json\/wp\/v2\/media?parent=594296"}],"wp:term":[{"taxonomy":"category","embeddable":true,"href":"https:\/\/www.zunoticia.com\/noticias-de-hidalgo\/wp-json\/wp\/v2\/categories?post=594296"},{"taxonomy":"post_tag","embeddable":true,"href":"https:\/\/www.zunoticia.com\/noticias-de-hidalgo\/wp-json\/wp\/v2\/tags?post=594296"}],"curies":[{"name":"wp","href":"https:\/\/api.w.org\/{rel}","templated":true}]}}