{"id":594989,"date":"2025-06-03T12:14:41","date_gmt":"2025-06-03T18:14:41","guid":{"rendered":"https:\/\/www.zunoticia.com\/noticias-de-hidalgo\/?p=594989"},"modified":"2025-06-03T12:14:42","modified_gmt":"2025-06-03T18:14:42","slug":"entregan-becas-colibri-a-ninas-ninos-y-jovenes-en-situacion-de-vulnerabilidad","status":"publish","type":"post","link":"https:\/\/www.zunoticia.com\/noticias-de-hidalgo\/2025\/06\/03\/entregan-becas-colibri-a-ninas-ninos-y-jovenes-en-situacion-de-vulnerabilidad\/","title":{"rendered":"Entregan \u201cBecas Colibr\u00ed\u201d a ni\u00f1as, ni\u00f1os y j\u00f3venes en situaci\u00f3n de vulnerabilidad"},"content":{"rendered":"<aside class=\"mashsb-container mashsb-main mashsb-stretched\"><div class=\"mashsb-box\"><div class=\"mashsb-count mash-large\" style=\"float:left\"><div class=\"counts mashsbcount\">0<\/div><span class=\"mashsb-sharetext\">SHARES<\/span><\/div><div class=\"mashsb-buttons\"><a class=\"mashicon-facebook mash-large mash-center mashsb-noshadow\" href=\"https:\/\/www.facebook.com\/sharer.php?u=https%3A%2F%2Fwww.zunoticia.com%2Fnoticias-de-hidalgo%2F2025%2F06%2F03%2Fentregan-becas-colibri-a-ninas-ninos-y-jovenes-en-situacion-de-vulnerabilidad%2F\" target=\"_top\" rel=\"nofollow\"><span class=\"icon\"><\/span><span class=\"text\">Share<\/span><\/a><a class=\"mashicon-twitter mash-large mash-center mashsb-noshadow\" href=\"https:\/\/twitter.com\/intent\/tweet?text=&amp;url=https:\/\/www.zunoticia.com\/noticias-de-hidalgo\/2025\/06\/03\/entregan-becas-colibri-a-ninas-ninos-y-jovenes-en-situacion-de-vulnerabilidad\/\" target=\"_top\" rel=\"nofollow\"><span class=\"icon\"><\/span><span class=\"text\">Tweet<\/span><\/a><div class=\"onoffswitch2 mash-large mashsb-noshadow\" style=\"display:none\"><\/div><\/div>\n            <\/div>\n                <div style=\"clear:both\"><\/div><div class=\"mashsb-toggle-container\"><\/div><\/aside>\n            <!-- Share buttons by mashshare.net - Version: 4.0.47-->\n<p><em>Por Enedino Hern\u00e1ndez Alonso\/Zunoticia<\/em><\/p>\n\n\n\n<p><strong>Huejutla, Hgo<\/strong>.- Con la finalidad de garantizar el acceso, permanencia y \u00e9xito escolar de menores en condiciones de vulnerabilidad social, econ\u00f3mica o familiar, mediante el apoyo financiero que les permita cubrir necesidades b\u00e1sicas relacionadas con su educaci\u00f3n, durante la ma\u00f1ana de este martes 3 de junio, en la sala de cabildo de la presidencia municipal de Huejutla de Reyes se llev\u00f3 a cabo la primera entrega del programa \u201cBecas Colibr\u00ed\u201d, a las ni\u00f1as, ni\u00f1os y j\u00f3venes en situaci\u00f3n de vulnerabilidad.<\/p>\n\n\n\n<p>En el evento se cont\u00f3 con la presencia de la presidenta del Sistema Municipal DIF Huejutla, Hilda Kistel Rodr\u00edguez Flores; la directora del Sistema DIF, Karla Elizabeth Sosa Hern\u00e1ndez; la subdirectora del DIF Huejutla, Rosalba Ram\u00edrez Vera y la coordinadora del \u00e1rea de Trabajo Social del DIF, Celene Daysi Dur\u00e1n Ter\u00e1n.<\/p>\n\n\n\n<p>En su momento, la presidenta del Sistema DIF Huejutla, Kristel Rodr\u00edguez, confirm\u00f3 que, la \u201cBeca Colibr\u00ed\u201d consta de un apoyo total de seis mil pesos, los cuales se entregan en tres partes, y durante est\u00e1 primera entrega se canalizaron dos mil pesos a cada uno de los 25 beneficiados.<\/p>\n\n\n\n<p>A nombre de los beneficiarios, habl\u00f3 la se\u00f1ora Aracely Tolentino Ruiz, quien agradeci\u00f3 a las autoridades municipales y en especial a la presidenta del Sistema DIF, Kristel Rodr\u00edguez, por el apoyo que se recibe con el programa &#8220;Becas Colibr\u00ed&#8221;.<\/p>\n\n\n\n<p>Asimismo, se destac\u00f3 que, el programa de \u201cBecas Colibr\u00ed\u201d es un programa que&nbsp; representa un compromiso con la educaci\u00f3n y la equidad, brindando apoyo a quienes m\u00e1s lo necesitan.<\/p>\n\n\n\n<figure class=\"wp-block-gallery has-nested-images columns-default is-cropped wp-block-gallery-1 is-layout-flex wp-block-gallery-is-layout-flex\">\n<figure class=\"wp-block-image size-large\"><img fetchpriority=\"high\" decoding=\"async\" width=\"933\" height=\"524\" data-id=\"594991\" src=\"https:\/\/www.zunoticia.com\/noticias-de-hidalgo\/wp-content\/uploads\/2025\/06\/Zunoticia-Huejutla-2-12.png\" alt=\"\" class=\"wp-image-594991\"\/><\/figure>\n\n\n\n<figure class=\"wp-block-image size-large\"><img decoding=\"async\" width=\"933\" height=\"524\" data-id=\"594992\" src=\"https:\/\/www.zunoticia.com\/noticias-de-hidalgo\/wp-content\/uploads\/2025\/06\/Zunoticia-Huejutla-1-1.png\" alt=\"\" class=\"wp-image-594992\"\/><\/figure>\n<\/figure>\n","protected":false},"excerpt":{"rendered":"<p>Por Enedino Hern\u00e1ndez Alonso\/Zunoticia Huejutla, Hgo.- Con la finalidad de garantizar el acceso, permanencia y \u00e9xito escolar de menores en condiciones de vulnerabilidad social, econ\u00f3mica o familiar, mediante el apoyo financiero que les permita cubrir necesidades b\u00e1sicas relacionadas con su educaci\u00f3n, durante la ma\u00f1ana de este martes 3 de junio, en la sala de cabildo&hellip; <a class=\"more-link\" href=\"https:\/\/www.zunoticia.com\/noticias-de-hidalgo\/2025\/06\/03\/entregan-becas-colibri-a-ninas-ninos-y-jovenes-en-situacion-de-vulnerabilidad\/\">Seguir leyendo <span class=\"screen-reader-text\">Entregan \u201cBecas Colibr\u00ed\u201d a ni\u00f1as, ni\u00f1os y j\u00f3venes en situaci\u00f3n de vulnerabilidad<\/span><\/a><\/p>\n","protected":false},"author":20,"featured_media":594990,"comment_status":"open","ping_status":"open","sticky":false,"template":"","format":"standard","meta":{"rop_custom_images_group":[],"rop_custom_messages_group":[],"rop_publish_now":"initial","rop_publish_now_accounts":{"facebook_10159540855086992_322828327761733":""},"rop_publish_now_history":[],"rop_publish_now_status":"pending","footnotes":""},"categories":[181],"tags":[121],"class_list":["post-594989","post","type-post","status-publish","format-standard","has-post-thumbnail","hentry","category-huejutla","tag-huejutla","entry"],"_links":{"self":[{"href":"https:\/\/www.zunoticia.com\/noticias-de-hidalgo\/wp-json\/wp\/v2\/posts\/594989","targetHints":{"allow":["GET"]}}],"collection":[{"href":"https:\/\/www.zunoticia.com\/noticias-de-hidalgo\/wp-json\/wp\/v2\/posts"}],"about":[{"href":"https:\/\/www.zunoticia.com\/noticias-de-hidalgo\/wp-json\/wp\/v2\/types\/post"}],"author":[{"embeddable":true,"href":"https:\/\/www.zunoticia.com\/noticias-de-hidalgo\/wp-json\/wp\/v2\/users\/20"}],"replies":[{"embeddable":true,"href":"https:\/\/www.zunoticia.com\/noticias-de-hidalgo\/wp-json\/wp\/v2\/comments?post=594989"}],"version-history":[{"count":1,"href":"https:\/\/www.zunoticia.com\/noticias-de-hidalgo\/wp-json\/wp\/v2\/posts\/594989\/revisions"}],"predecessor-version":[{"id":594993,"href":"https:\/\/www.zunoticia.com\/noticias-de-hidalgo\/wp-json\/wp\/v2\/posts\/594989\/revisions\/594993"}],"wp:featuredmedia":[{"embeddable":true,"href":"https:\/\/www.zunoticia.com\/noticias-de-hidalgo\/wp-json\/wp\/v2\/media\/594990"}],"wp:attachment":[{"href":"https:\/\/www.zunoticia.com\/noticias-de-hidalgo\/wp-json\/wp\/v2\/media?parent=594989"}],"wp:term":[{"taxonomy":"category","embeddable":true,"href":"https:\/\/www.zunoticia.com\/noticias-de-hidalgo\/wp-json\/wp\/v2\/categories?post=594989"},{"taxonomy":"post_tag","embeddable":true,"href":"https:\/\/www.zunoticia.com\/noticias-de-hidalgo\/wp-json\/wp\/v2\/tags?post=594989"}],"curies":[{"name":"wp","href":"https:\/\/api.w.org\/{rel}","templated":true}]}}