{"id":595001,"date":"2025-06-03T14:41:06","date_gmt":"2025-06-03T20:41:06","guid":{"rendered":"https:\/\/www.zunoticia.com\/noticias-de-hidalgo\/?p=595001"},"modified":"2025-06-03T14:41:08","modified_gmt":"2025-06-03T20:41:08","slug":"imparten-taller-el-violentometro-y-el-ciclo-de-la-violencia-en-nahuatl","status":"publish","type":"post","link":"https:\/\/www.zunoticia.com\/noticias-de-hidalgo\/2025\/06\/03\/imparten-taller-el-violentometro-y-el-ciclo-de-la-violencia-en-nahuatl\/","title":{"rendered":"Imparten taller &#8220;El violent\u00f3metro y el ciclo de la violencia&#8221; en n\u00e1huatl"},"content":{"rendered":"<aside class=\"mashsb-container mashsb-main mashsb-stretched\"><div class=\"mashsb-box\"><div class=\"mashsb-count mash-large\" style=\"float:left\"><div class=\"counts mashsbcount\">0<\/div><span class=\"mashsb-sharetext\">SHARES<\/span><\/div><div class=\"mashsb-buttons\"><a class=\"mashicon-facebook mash-large mash-center mashsb-noshadow\" href=\"https:\/\/www.facebook.com\/sharer.php?u=https%3A%2F%2Fwww.zunoticia.com%2Fnoticias-de-hidalgo%2F2025%2F06%2F03%2Fimparten-taller-el-violentometro-y-el-ciclo-de-la-violencia-en-nahuatl%2F\" target=\"_top\" rel=\"nofollow\"><span class=\"icon\"><\/span><span class=\"text\">Share<\/span><\/a><a class=\"mashicon-twitter mash-large mash-center mashsb-noshadow\" href=\"https:\/\/twitter.com\/intent\/tweet?text=&amp;url=https:\/\/www.zunoticia.com\/noticias-de-hidalgo\/2025\/06\/03\/imparten-taller-el-violentometro-y-el-ciclo-de-la-violencia-en-nahuatl\/\" target=\"_top\" rel=\"nofollow\"><span class=\"icon\"><\/span><span class=\"text\">Tweet<\/span><\/a><div class=\"onoffswitch2 mash-large mashsb-noshadow\" style=\"display:none\"><\/div><\/div>\n            <\/div>\n                <div style=\"clear:both\"><\/div><div class=\"mashsb-toggle-container\"><\/div><\/aside>\n            <!-- Share buttons by mashshare.net - Version: 4.0.47-->\n<p><em>Por Gabriela Hern\u00e1ndez\/Zunoticia<\/em><\/p>\n\n\n\n<p><strong>Huejutla, Hgo<\/strong>.- La Casa de la Mujer Ind\u00edgena (CAMI) Huejutla, contin\u00faa haciendo su recorrido por las diferentes comunidades de la huasteca hidalguense, llevando el taller con el tema \u201cEl violent\u00f3metro y el ciclo de la violencia&#8221;, en esta ocasi\u00f3n impartida en la lengua materna n\u00e1huatl.<\/p>\n\n\n\n<p>Esta actividad fue realizada con un grupo de mujeres ind\u00edgenas en la localidad de Huitzizilinguito, San Felipe Orizatl\u00e1n, con el objetivo de hacer llegar a las f\u00e9minas los instrumentos que permitan reconocer sus derechos, adem\u00e1s de prevenir cualquier tipo de violencia.<\/p>\n\n\n\n<p>La presentaci\u00f3n de esta herramienta tiene el prop\u00f3sito de visibilizar las acciones u omisiones que constituyen la violencia de g\u00e9nero, y de esta forma prevenir y atender el tema en las esferas m\u00e1s importantes de la sociedad hidalguense, a trav\u00e9s de mecanismos y pol\u00edticas p\u00fablicas que contribuyan en favor de las mujeres.<\/p>\n\n\n\n<p>Durante su intervenci\u00f3n, la coordinadora del \u00e1rea, Elvia Hern\u00e1ndez Dom\u00ednguez, puntualiz\u00f3 que la presentaci\u00f3n de este instrumento es el inicio de un proceso de difusi\u00f3n que abre la puerta para fortalecer el tejido social, que permitir\u00e1 que los derechos de todas y todos sean igualitarios.<\/p>\n\n\n\n<p>Con estas acciones, la CAMI Huejutla reafirma su compromiso con las mujeres, adolescentes y ni\u00f1as de las diferentes comunidades para luchar contra la violencia de g\u00e9nero.<\/p>\n\n\n\n<figure class=\"wp-block-gallery has-nested-images columns-default is-cropped wp-block-gallery-1 is-layout-flex wp-block-gallery-is-layout-flex\">\n<figure class=\"wp-block-image size-large\"><img fetchpriority=\"high\" decoding=\"async\" width=\"933\" height=\"524\" data-id=\"595003\" src=\"https:\/\/www.zunoticia.com\/noticias-de-hidalgo\/wp-content\/uploads\/2025\/06\/Zunoticia-Huejutla-4-3.png\" alt=\"\" class=\"wp-image-595003\"\/><\/figure>\n\n\n\n<figure class=\"wp-block-image size-large\"><img decoding=\"async\" width=\"933\" height=\"524\" data-id=\"595004\" src=\"https:\/\/www.zunoticia.com\/noticias-de-hidalgo\/wp-content\/uploads\/2025\/06\/Zunoticia-Huejutla-3-7.png\" alt=\"\" class=\"wp-image-595004\"\/><\/figure>\n<\/figure>\n","protected":false},"excerpt":{"rendered":"<p>Por Gabriela Hern\u00e1ndez\/Zunoticia Huejutla, Hgo.- La Casa de la Mujer Ind\u00edgena (CAMI) Huejutla, contin\u00faa haciendo su recorrido por las diferentes comunidades de la huasteca hidalguense, llevando el taller con el tema \u201cEl violent\u00f3metro y el ciclo de la violencia&#8221;, en esta ocasi\u00f3n impartida en la lengua materna n\u00e1huatl. Esta actividad fue realizada con un grupo&hellip; <a class=\"more-link\" href=\"https:\/\/www.zunoticia.com\/noticias-de-hidalgo\/2025\/06\/03\/imparten-taller-el-violentometro-y-el-ciclo-de-la-violencia-en-nahuatl\/\">Seguir leyendo <span class=\"screen-reader-text\">Imparten taller &#8220;El violent\u00f3metro y el ciclo de la violencia&#8221; en n\u00e1huatl<\/span><\/a><\/p>\n","protected":false},"author":20,"featured_media":595002,"comment_status":"open","ping_status":"open","sticky":false,"template":"","format":"standard","meta":{"rop_custom_images_group":[],"rop_custom_messages_group":[],"rop_publish_now":"initial","rop_publish_now_accounts":{"facebook_10159540855086992_322828327761733":""},"rop_publish_now_history":[],"rop_publish_now_status":"pending","footnotes":""},"categories":[181],"tags":[121],"class_list":["post-595001","post","type-post","status-publish","format-standard","has-post-thumbnail","hentry","category-huejutla","tag-huejutla","entry"],"_links":{"self":[{"href":"https:\/\/www.zunoticia.com\/noticias-de-hidalgo\/wp-json\/wp\/v2\/posts\/595001","targetHints":{"allow":["GET"]}}],"collection":[{"href":"https:\/\/www.zunoticia.com\/noticias-de-hidalgo\/wp-json\/wp\/v2\/posts"}],"about":[{"href":"https:\/\/www.zunoticia.com\/noticias-de-hidalgo\/wp-json\/wp\/v2\/types\/post"}],"author":[{"embeddable":true,"href":"https:\/\/www.zunoticia.com\/noticias-de-hidalgo\/wp-json\/wp\/v2\/users\/20"}],"replies":[{"embeddable":true,"href":"https:\/\/www.zunoticia.com\/noticias-de-hidalgo\/wp-json\/wp\/v2\/comments?post=595001"}],"version-history":[{"count":1,"href":"https:\/\/www.zunoticia.com\/noticias-de-hidalgo\/wp-json\/wp\/v2\/posts\/595001\/revisions"}],"predecessor-version":[{"id":595005,"href":"https:\/\/www.zunoticia.com\/noticias-de-hidalgo\/wp-json\/wp\/v2\/posts\/595001\/revisions\/595005"}],"wp:featuredmedia":[{"embeddable":true,"href":"https:\/\/www.zunoticia.com\/noticias-de-hidalgo\/wp-json\/wp\/v2\/media\/595002"}],"wp:attachment":[{"href":"https:\/\/www.zunoticia.com\/noticias-de-hidalgo\/wp-json\/wp\/v2\/media?parent=595001"}],"wp:term":[{"taxonomy":"category","embeddable":true,"href":"https:\/\/www.zunoticia.com\/noticias-de-hidalgo\/wp-json\/wp\/v2\/categories?post=595001"},{"taxonomy":"post_tag","embeddable":true,"href":"https:\/\/www.zunoticia.com\/noticias-de-hidalgo\/wp-json\/wp\/v2\/tags?post=595001"}],"curies":[{"name":"wp","href":"https:\/\/api.w.org\/{rel}","templated":true}]}}