{"id":595016,"date":"2025-06-03T15:13:09","date_gmt":"2025-06-03T21:13:09","guid":{"rendered":"https:\/\/www.zunoticia.com\/noticias-de-hidalgo\/?p=595016"},"modified":"2025-06-03T15:13:10","modified_gmt":"2025-06-03T21:13:10","slug":"refuerzan-lazos-por-la-cultura-en-tlanchinol","status":"publish","type":"post","link":"https:\/\/www.zunoticia.com\/noticias-de-hidalgo\/2025\/06\/03\/refuerzan-lazos-por-la-cultura-en-tlanchinol\/","title":{"rendered":"Refuerzan lazos por la cultura en Tlanchinol"},"content":{"rendered":"<aside class=\"mashsb-container mashsb-main mashsb-stretched\"><div class=\"mashsb-box\"><div class=\"mashsb-count mash-large\" style=\"float:left\"><div class=\"counts mashsbcount\">0<\/div><span class=\"mashsb-sharetext\">SHARES<\/span><\/div><div class=\"mashsb-buttons\"><a class=\"mashicon-facebook mash-large mash-center mashsb-noshadow\" href=\"https:\/\/www.facebook.com\/sharer.php?u=https%3A%2F%2Fwww.zunoticia.com%2Fnoticias-de-hidalgo%2F2025%2F06%2F03%2Frefuerzan-lazos-por-la-cultura-en-tlanchinol%2F\" target=\"_top\" rel=\"nofollow\"><span class=\"icon\"><\/span><span class=\"text\">Share<\/span><\/a><a class=\"mashicon-twitter mash-large mash-center mashsb-noshadow\" href=\"https:\/\/twitter.com\/intent\/tweet?text=&amp;url=https:\/\/www.zunoticia.com\/noticias-de-hidalgo\/2025\/06\/03\/refuerzan-lazos-por-la-cultura-en-tlanchinol\/\" target=\"_top\" rel=\"nofollow\"><span class=\"icon\"><\/span><span class=\"text\">Tweet<\/span><\/a><div class=\"onoffswitch2 mash-large mashsb-noshadow\" style=\"display:none\"><\/div><\/div>\n            <\/div>\n                <div style=\"clear:both\"><\/div><div class=\"mashsb-toggle-container\"><\/div><\/aside>\n            <!-- Share buttons by mashshare.net - Version: 4.0.47-->\n<ul class=\"wp-block-list\">\n<li>Alcalde sostuvo reuni\u00f3n con la secretaria de Cultura en el Estado.<\/li>\n<\/ul>\n\n\n\n<p><em>Por Karen Rivera \/ Zunoticia<\/em><\/p>\n\n\n\n<p><strong>Tlanchinol, Hgo<\/strong>.\u2013 Con el objetivo de fortalecer el desarrollo cultural del municipio, el presidente municipal de Tlanchinol, Gabino Hern\u00e1ndez Vite, sostuvo una reuni\u00f3n de trabajo con la titular de la Secretar\u00eda de Cultura del Estado, Neyda Naranjo Baltazar.<\/p>\n\n\n\n<p>Durante el encuentro, tambi\u00e9n estuvieron presentes Mar\u00eda del Rosario Esp\u00edndola Hern\u00e1ndez, secretaria de Desarrollo Econ\u00f3mico Municipal, y Jos\u00e9 Alberto Bustamante Ver\u00e1, director de Cultura en el municipio. La reuni\u00f3n tuvo como finalidad establecer canales de colaboraci\u00f3n entre el Gobierno Municipal y Estatal para impulsar proyectos culturales que beneficien a la poblaci\u00f3n.<\/p>\n\n\n\n<p>Ambas partes coincidieron en la importancia de trabajar de manera conjunta para promover el arte y la cultura como herramientas clave para el desarrollo social y econ\u00f3mico.<\/p>\n\n\n\n<p>\u201cEs fundamental trabajar de la mano con la Secretar\u00eda de Cultura del Estado para construir una sociedad en la que el arte y la cultura sean un detonante de desarrollo y la construcci\u00f3n de sociedades pr\u00f3speras&#8221;, cit\u00f3 el edil.<\/p>\n\n\n\n<p>&#8220;Estamos emocionados de iniciar esta colaboraci\u00f3n y trabajar juntos para beneficio de nuestro municipio\u201d, expres\u00f3 el alcalde.<\/p>\n\n\n\n<p>Con este acercamiento, el Gobierno Municipal de Tlanchinol refrenda su compromiso con la promoci\u00f3n de la cultura y la generaci\u00f3n de espacios que permitan a la ciudadan\u00eda acceder a actividades art\u00edsticas de calidad.<\/p>\n\n\n\n<p>Foto: El presidente municipal, Gabino Hern\u00e1ndez Vite, sostuvo una reuni\u00f3n con la secretaria de Cultura en el Estado.<\/p>\n\n\n\n<figure class=\"wp-block-image size-full\"><img fetchpriority=\"high\" decoding=\"async\" width=\"933\" height=\"524\" src=\"https:\/\/www.zunoticia.com\/noticias-de-hidalgo\/wp-content\/uploads\/2025\/06\/Zunoticia-Huejutla-1-5.png\" alt=\"\" class=\"wp-image-595018\"\/><\/figure>\n","protected":false},"excerpt":{"rendered":"<p>Por Karen Rivera \/ Zunoticia Tlanchinol, Hgo.\u2013 Con el objetivo de fortalecer el desarrollo cultural del municipio, el presidente municipal de Tlanchinol, Gabino Hern\u00e1ndez Vite, sostuvo una reuni\u00f3n de trabajo con la titular de la Secretar\u00eda de Cultura del Estado, Neyda Naranjo Baltazar. Durante el encuentro, tambi\u00e9n estuvieron presentes Mar\u00eda del Rosario Esp\u00edndola Hern\u00e1ndez, secretaria&hellip; <a class=\"more-link\" href=\"https:\/\/www.zunoticia.com\/noticias-de-hidalgo\/2025\/06\/03\/refuerzan-lazos-por-la-cultura-en-tlanchinol\/\">Seguir leyendo <span class=\"screen-reader-text\">Refuerzan lazos por la cultura en Tlanchinol<\/span><\/a><\/p>\n","protected":false},"author":20,"featured_media":595017,"comment_status":"open","ping_status":"open","sticky":false,"template":"","format":"standard","meta":{"rop_custom_images_group":[],"rop_custom_messages_group":[],"rop_publish_now":"initial","rop_publish_now_accounts":{"facebook_10159540855086992_322828327761733":""},"rop_publish_now_history":[],"rop_publish_now_status":"pending","footnotes":""},"categories":[219,201],"tags":[346,127],"class_list":["post-595016","post","type-post","status-publish","format-standard","has-post-thumbnail","hentry","category-sierra","category-tlanchinol","tag-sierra","tag-tlanchinol","entry"],"_links":{"self":[{"href":"https:\/\/www.zunoticia.com\/noticias-de-hidalgo\/wp-json\/wp\/v2\/posts\/595016","targetHints":{"allow":["GET"]}}],"collection":[{"href":"https:\/\/www.zunoticia.com\/noticias-de-hidalgo\/wp-json\/wp\/v2\/posts"}],"about":[{"href":"https:\/\/www.zunoticia.com\/noticias-de-hidalgo\/wp-json\/wp\/v2\/types\/post"}],"author":[{"embeddable":true,"href":"https:\/\/www.zunoticia.com\/noticias-de-hidalgo\/wp-json\/wp\/v2\/users\/20"}],"replies":[{"embeddable":true,"href":"https:\/\/www.zunoticia.com\/noticias-de-hidalgo\/wp-json\/wp\/v2\/comments?post=595016"}],"version-history":[{"count":1,"href":"https:\/\/www.zunoticia.com\/noticias-de-hidalgo\/wp-json\/wp\/v2\/posts\/595016\/revisions"}],"predecessor-version":[{"id":595019,"href":"https:\/\/www.zunoticia.com\/noticias-de-hidalgo\/wp-json\/wp\/v2\/posts\/595016\/revisions\/595019"}],"wp:featuredmedia":[{"embeddable":true,"href":"https:\/\/www.zunoticia.com\/noticias-de-hidalgo\/wp-json\/wp\/v2\/media\/595017"}],"wp:attachment":[{"href":"https:\/\/www.zunoticia.com\/noticias-de-hidalgo\/wp-json\/wp\/v2\/media?parent=595016"}],"wp:term":[{"taxonomy":"category","embeddable":true,"href":"https:\/\/www.zunoticia.com\/noticias-de-hidalgo\/wp-json\/wp\/v2\/categories?post=595016"},{"taxonomy":"post_tag","embeddable":true,"href":"https:\/\/www.zunoticia.com\/noticias-de-hidalgo\/wp-json\/wp\/v2\/tags?post=595016"}],"curies":[{"name":"wp","href":"https:\/\/api.w.org\/{rel}","templated":true}]}}