{"id":595020,"date":"2025-06-03T15:17:42","date_gmt":"2025-06-03T21:17:42","guid":{"rendered":"https:\/\/www.zunoticia.com\/noticias-de-hidalgo\/?p=595020"},"modified":"2025-06-03T15:17:43","modified_gmt":"2025-06-03T21:17:43","slug":"conmemora-tlanchinol-el-dia-mundial-de-la-bicicleta","status":"publish","type":"post","link":"https:\/\/www.zunoticia.com\/noticias-de-hidalgo\/2025\/06\/03\/conmemora-tlanchinol-el-dia-mundial-de-la-bicicleta\/","title":{"rendered":"Conmemora Tlanchinol el d\u00eda mundial de la bicicleta"},"content":{"rendered":"<aside class=\"mashsb-container mashsb-main mashsb-stretched\"><div class=\"mashsb-box\"><div class=\"mashsb-count mash-large\" style=\"float:left\"><div class=\"counts mashsbcount\">0<\/div><span class=\"mashsb-sharetext\">SHARES<\/span><\/div><div class=\"mashsb-buttons\"><a class=\"mashicon-facebook mash-large mash-center mashsb-noshadow\" href=\"https:\/\/www.facebook.com\/sharer.php?u=https%3A%2F%2Fwww.zunoticia.com%2Fnoticias-de-hidalgo%2F2025%2F06%2F03%2Fconmemora-tlanchinol-el-dia-mundial-de-la-bicicleta%2F\" target=\"_top\" rel=\"nofollow\"><span class=\"icon\"><\/span><span class=\"text\">Share<\/span><\/a><a class=\"mashicon-twitter mash-large mash-center mashsb-noshadow\" href=\"https:\/\/twitter.com\/intent\/tweet?text=&amp;url=https:\/\/www.zunoticia.com\/noticias-de-hidalgo\/2025\/06\/03\/conmemora-tlanchinol-el-dia-mundial-de-la-bicicleta\/\" target=\"_top\" rel=\"nofollow\"><span class=\"icon\"><\/span><span class=\"text\">Tweet<\/span><\/a><div class=\"onoffswitch2 mash-large mashsb-noshadow\" style=\"display:none\"><\/div><\/div>\n            <\/div>\n                <div style=\"clear:both\"><\/div><div class=\"mashsb-toggle-container\"><\/div><\/aside>\n            <!-- Share buttons by mashshare.net - Version: 4.0.47-->\n<p><em>Por Karen Rivera \/ Zunoticia<\/em><\/p>\n\n\n\n<p><strong>Tlanchinol, Hgo.\u2013<\/strong> En el marco del d\u00eda mundial de la bicicleta, el gobierno municipal encabezado por el presidente Gabino Hern\u00e1ndez Vite, reconoci\u00f3 la importancia de este medio de transporte como una herramienta clave para fomentar estilos de vida saludables y sostenibles.<\/p>\n\n\n\n<p>La bicicleta no solo representa una opci\u00f3n eficiente y econ\u00f3mica para trasladarse, sino que tambi\u00e9n promueve el bienestar f\u00edsico y mental, al tiempo que contribuye a reducir la contaminaci\u00f3n ambiental y el tr\u00e1fico vehicular.<\/p>\n\n\n\n<p>Adem\u00e1s, se considera un s\u00edmbolo de libertad, aventura y conexi\u00f3n con el entorno, \u201cel uso de la bicicleta tiene m\u00faltiples beneficios para nuestra salud, para el medio ambiente y para el tejido social&#8221;, cit\u00f3 el mun\u00edcipe.<\/p>\n\n\n\n<p>&#8220;Desde el Gobierno Municipal impulsamos su uso como una alternativa viable para mejorar la calidad de vida de nuestras familias\u201d, destac\u00f3 el alcalde.<\/p>\n\n\n\n<p>Con este mensaje, la administraci\u00f3n municipal reafirma su compromiso con el desarrollo de pol\u00edticas p\u00fablicas que fomenten la movilidad sostenible y la conciencia ambiental en Tlanchinol.<\/p>\n\n\n\n<p><\/p>\n","protected":false},"excerpt":{"rendered":"<p>Por Karen Rivera \/ Zunoticia Tlanchinol, Hgo.\u2013 En el marco del d\u00eda mundial de la bicicleta, el gobierno municipal encabezado por el presidente Gabino Hern\u00e1ndez Vite, reconoci\u00f3 la importancia de este medio de transporte como una herramienta clave para fomentar estilos de vida saludables y sostenibles. La bicicleta no solo representa una opci\u00f3n eficiente y&hellip; <a class=\"more-link\" href=\"https:\/\/www.zunoticia.com\/noticias-de-hidalgo\/2025\/06\/03\/conmemora-tlanchinol-el-dia-mundial-de-la-bicicleta\/\">Seguir leyendo <span class=\"screen-reader-text\">Conmemora Tlanchinol el d\u00eda mundial de la bicicleta<\/span><\/a><\/p>\n","protected":false},"author":20,"featured_media":595021,"comment_status":"open","ping_status":"open","sticky":false,"template":"","format":"standard","meta":{"rop_custom_images_group":[],"rop_custom_messages_group":[],"rop_publish_now":"initial","rop_publish_now_accounts":{"facebook_10159540855086992_322828327761733":""},"rop_publish_now_history":[],"rop_publish_now_status":"pending","footnotes":""},"categories":[219,201],"tags":[346,127],"class_list":["post-595020","post","type-post","status-publish","format-standard","has-post-thumbnail","hentry","category-sierra","category-tlanchinol","tag-sierra","tag-tlanchinol","entry"],"_links":{"self":[{"href":"https:\/\/www.zunoticia.com\/noticias-de-hidalgo\/wp-json\/wp\/v2\/posts\/595020","targetHints":{"allow":["GET"]}}],"collection":[{"href":"https:\/\/www.zunoticia.com\/noticias-de-hidalgo\/wp-json\/wp\/v2\/posts"}],"about":[{"href":"https:\/\/www.zunoticia.com\/noticias-de-hidalgo\/wp-json\/wp\/v2\/types\/post"}],"author":[{"embeddable":true,"href":"https:\/\/www.zunoticia.com\/noticias-de-hidalgo\/wp-json\/wp\/v2\/users\/20"}],"replies":[{"embeddable":true,"href":"https:\/\/www.zunoticia.com\/noticias-de-hidalgo\/wp-json\/wp\/v2\/comments?post=595020"}],"version-history":[{"count":1,"href":"https:\/\/www.zunoticia.com\/noticias-de-hidalgo\/wp-json\/wp\/v2\/posts\/595020\/revisions"}],"predecessor-version":[{"id":595022,"href":"https:\/\/www.zunoticia.com\/noticias-de-hidalgo\/wp-json\/wp\/v2\/posts\/595020\/revisions\/595022"}],"wp:featuredmedia":[{"embeddable":true,"href":"https:\/\/www.zunoticia.com\/noticias-de-hidalgo\/wp-json\/wp\/v2\/media\/595021"}],"wp:attachment":[{"href":"https:\/\/www.zunoticia.com\/noticias-de-hidalgo\/wp-json\/wp\/v2\/media?parent=595020"}],"wp:term":[{"taxonomy":"category","embeddable":true,"href":"https:\/\/www.zunoticia.com\/noticias-de-hidalgo\/wp-json\/wp\/v2\/categories?post=595020"},{"taxonomy":"post_tag","embeddable":true,"href":"https:\/\/www.zunoticia.com\/noticias-de-hidalgo\/wp-json\/wp\/v2\/tags?post=595020"}],"curies":[{"name":"wp","href":"https:\/\/api.w.org\/{rel}","templated":true}]}}