{"id":595027,"date":"2025-06-03T16:55:40","date_gmt":"2025-06-03T22:55:40","guid":{"rendered":"https:\/\/www.zunoticia.com\/noticias-de-hidalgo\/?p=595027"},"modified":"2025-06-03T16:55:41","modified_gmt":"2025-06-03T22:55:41","slug":"de-15-a-20-incremento-la-venta-de-ventiladores","status":"publish","type":"post","link":"https:\/\/www.zunoticia.com\/noticias-de-hidalgo\/2025\/06\/03\/de-15-a-20-incremento-la-venta-de-ventiladores\/","title":{"rendered":"De 15 a 20 % increment\u00f3 la venta de ventiladores"},"content":{"rendered":"<aside class=\"mashsb-container mashsb-main mashsb-stretched\"><div class=\"mashsb-box\"><div class=\"mashsb-count mash-large\" style=\"float:left\"><div class=\"counts mashsbcount\">0<\/div><span class=\"mashsb-sharetext\">SHARES<\/span><\/div><div class=\"mashsb-buttons\"><a class=\"mashicon-facebook mash-large mash-center mashsb-noshadow\" href=\"https:\/\/www.facebook.com\/sharer.php?u=https%3A%2F%2Fwww.zunoticia.com%2Fnoticias-de-hidalgo%2F2025%2F06%2F03%2Fde-15-a-20-incremento-la-venta-de-ventiladores%2F\" target=\"_top\" rel=\"nofollow\"><span class=\"icon\"><\/span><span class=\"text\">Share<\/span><\/a><a class=\"mashicon-twitter mash-large mash-center mashsb-noshadow\" href=\"https:\/\/twitter.com\/intent\/tweet?text=&amp;url=https:\/\/www.zunoticia.com\/noticias-de-hidalgo\/2025\/06\/03\/de-15-a-20-incremento-la-venta-de-ventiladores\/\" target=\"_top\" rel=\"nofollow\"><span class=\"icon\"><\/span><span class=\"text\">Tweet<\/span><\/a><div class=\"onoffswitch2 mash-large mashsb-noshadow\" style=\"display:none\"><\/div><\/div>\n            <\/div>\n                <div style=\"clear:both\"><\/div><div class=\"mashsb-toggle-container\"><\/div><\/aside>\n            <!-- Share buttons by mashshare.net - Version: 4.0.47-->\n<p><em>Por Salvador Altamirano\/Zunoticia<\/em><\/p>\n\n\n\n<p><strong>Huejutla, Hgo<\/strong>.- \u201cLos ventiladores al mover el aire&nbsp; ayudan en los hogares a mantener una temperatura ambiente confortable, en especial, en poblaciones de clima c\u00e1lido\u201d.<\/p>\n\n\n\n<p>Lo anterior, fue expresado por personal que labora en establecimientos comerciales de aparatos electrodom\u00e9sticos en la poblaci\u00f3n, quienes agregaron que, en esta temporada del a\u00f1o de calor excesivo, el \u00edndice de venta de ventiladores de todos los tama\u00f1os se ha incrementado en un 15 a 20 %.<\/p>\n\n\n\n<p>Agregaron que, tambi\u00e9n depende de los modelos y tama\u00f1os de los mismos, ya que las personas prefieren los que distribuyen el aire de forma m\u00e1s eficiente, o sea, que tienen aspas m\u00e1s largas y mejor potencia.<\/p>\n\n\n\n<p>Sin embargo, algunos del grupo de personal de venta, comentaron que, aunado al modelo y tama\u00f1o de los ventiladores, tiene mucho que ver la condici\u00f3n econ\u00f3mica del adquisidor, ya que los hay caros y baratos, relativamente.<\/p>\n\n\n\n<p>Para finalizar, enfatizaron que, sean caros o baratos, modelo o potencia, en estas fechas calurosas se ha incrementado la venta de ventiladores, en un 15 a 20 %, reiteraron.<\/p>\n","protected":false},"excerpt":{"rendered":"<p>Por Salvador Altamirano\/Zunoticia Huejutla, Hgo.- \u201cLos ventiladores al mover el aire&nbsp; ayudan en los hogares a mantener una temperatura ambiente confortable, en especial, en poblaciones de clima c\u00e1lido\u201d. Lo anterior, fue expresado por personal que labora en establecimientos comerciales de aparatos electrodom\u00e9sticos en la poblaci\u00f3n, quienes agregaron que, en esta temporada del a\u00f1o de calor&hellip; <a class=\"more-link\" href=\"https:\/\/www.zunoticia.com\/noticias-de-hidalgo\/2025\/06\/03\/de-15-a-20-incremento-la-venta-de-ventiladores\/\">Seguir leyendo <span class=\"screen-reader-text\">De 15 a 20 % increment\u00f3 la venta de ventiladores<\/span><\/a><\/p>\n","protected":false},"author":20,"featured_media":595028,"comment_status":"open","ping_status":"open","sticky":false,"template":"","format":"standard","meta":{"rop_custom_images_group":[],"rop_custom_messages_group":[],"rop_publish_now":"initial","rop_publish_now_accounts":{"facebook_10159540855086992_322828327761733":""},"rop_publish_now_history":[],"rop_publish_now_status":"pending","footnotes":""},"categories":[181],"tags":[121],"class_list":["post-595027","post","type-post","status-publish","format-standard","has-post-thumbnail","hentry","category-huejutla","tag-huejutla","entry"],"_links":{"self":[{"href":"https:\/\/www.zunoticia.com\/noticias-de-hidalgo\/wp-json\/wp\/v2\/posts\/595027","targetHints":{"allow":["GET"]}}],"collection":[{"href":"https:\/\/www.zunoticia.com\/noticias-de-hidalgo\/wp-json\/wp\/v2\/posts"}],"about":[{"href":"https:\/\/www.zunoticia.com\/noticias-de-hidalgo\/wp-json\/wp\/v2\/types\/post"}],"author":[{"embeddable":true,"href":"https:\/\/www.zunoticia.com\/noticias-de-hidalgo\/wp-json\/wp\/v2\/users\/20"}],"replies":[{"embeddable":true,"href":"https:\/\/www.zunoticia.com\/noticias-de-hidalgo\/wp-json\/wp\/v2\/comments?post=595027"}],"version-history":[{"count":1,"href":"https:\/\/www.zunoticia.com\/noticias-de-hidalgo\/wp-json\/wp\/v2\/posts\/595027\/revisions"}],"predecessor-version":[{"id":595029,"href":"https:\/\/www.zunoticia.com\/noticias-de-hidalgo\/wp-json\/wp\/v2\/posts\/595027\/revisions\/595029"}],"wp:featuredmedia":[{"embeddable":true,"href":"https:\/\/www.zunoticia.com\/noticias-de-hidalgo\/wp-json\/wp\/v2\/media\/595028"}],"wp:attachment":[{"href":"https:\/\/www.zunoticia.com\/noticias-de-hidalgo\/wp-json\/wp\/v2\/media?parent=595027"}],"wp:term":[{"taxonomy":"category","embeddable":true,"href":"https:\/\/www.zunoticia.com\/noticias-de-hidalgo\/wp-json\/wp\/v2\/categories?post=595027"},{"taxonomy":"post_tag","embeddable":true,"href":"https:\/\/www.zunoticia.com\/noticias-de-hidalgo\/wp-json\/wp\/v2\/tags?post=595027"}],"curies":[{"name":"wp","href":"https:\/\/api.w.org\/{rel}","templated":true}]}}