{"id":595050,"date":"2025-06-03T17:51:35","date_gmt":"2025-06-03T23:51:35","guid":{"rendered":"https:\/\/www.zunoticia.com\/noticias-de-hidalgo\/?p=595050"},"modified":"2025-06-03T17:51:37","modified_gmt":"2025-06-03T23:51:37","slug":"reanuda-actividades-el-modulo-fijo-distrital-de-atencion-ciudadana-del-ine","status":"publish","type":"post","link":"https:\/\/www.zunoticia.com\/noticias-de-hidalgo\/2025\/06\/03\/reanuda-actividades-el-modulo-fijo-distrital-de-atencion-ciudadana-del-ine\/","title":{"rendered":"Reanuda actividades el M\u00f3dulo Fijo Distrital de Atenci\u00f3n Ciudadana del INE"},"content":{"rendered":"<aside class=\"mashsb-container mashsb-main mashsb-stretched\"><div class=\"mashsb-box\"><div class=\"mashsb-count mash-large\" style=\"float:left\"><div class=\"counts mashsbcount\">0<\/div><span class=\"mashsb-sharetext\">SHARES<\/span><\/div><div class=\"mashsb-buttons\"><a class=\"mashicon-facebook mash-large mash-center mashsb-noshadow\" href=\"https:\/\/www.facebook.com\/sharer.php?u=https%3A%2F%2Fwww.zunoticia.com%2Fnoticias-de-hidalgo%2F2025%2F06%2F03%2Freanuda-actividades-el-modulo-fijo-distrital-de-atencion-ciudadana-del-ine%2F\" target=\"_top\" rel=\"nofollow\"><span class=\"icon\"><\/span><span class=\"text\">Share<\/span><\/a><a class=\"mashicon-twitter mash-large mash-center mashsb-noshadow\" href=\"https:\/\/twitter.com\/intent\/tweet?text=&amp;url=https:\/\/www.zunoticia.com\/noticias-de-hidalgo\/2025\/06\/03\/reanuda-actividades-el-modulo-fijo-distrital-de-atencion-ciudadana-del-ine\/\" target=\"_top\" rel=\"nofollow\"><span class=\"icon\"><\/span><span class=\"text\">Tweet<\/span><\/a><div class=\"onoffswitch2 mash-large mashsb-noshadow\" style=\"display:none\"><\/div><\/div>\n            <\/div>\n                <div style=\"clear:both\"><\/div><div class=\"mashsb-toggle-container\"><\/div><\/aside>\n            <!-- Share buttons by mashshare.net - Version: 4.0.47-->\n<p><em>Por Enedino Hern\u00e1ndez Alonso\/Zunoticia<\/em><\/p>\n\n\n\n<p><strong>Huejutla, Hgo<\/strong>. &#8211; A partir de esta semana y una vez concluida la jornada electoral del primero de junio, se reanudan las actividades y los servicios en el M\u00f3dulo Fijo Distrital de Atenci\u00f3n Ciudadana del Instituto Nacional Electoral (INE) en Huejutla, en donde los ciudadanos puedan realizar el tr\u00e1mite correspondiente de la credencial de elector con fotograf\u00eda.<\/p>\n\n\n\n<p>El vocal del Registro Federal de Electores del INE en Huejutla, Vicente Rodr\u00edguez, detall\u00f3 que, el M\u00f3dulo de Atenci\u00f3n Ciudadana 130151, ubicado en Huejutla, ya opera de manera normal para hacer cualquier tr\u00e1mite de la credencial de elector, actualizaci\u00f3n y de reposici\u00f3n; la atenci\u00f3n se brinda de lunes a s\u00e1bado, de 08:00 a las 15:00 horas, tres de la tarde.<\/p>\n\n\n\n<p>Asimismo, explic\u00f3 que, los M\u00f3dulos M\u00f3viles conocidos como Itinerantes y que normalmente recorren los municipios y comunidades de la Sierra y la Huasteca, iniciar\u00e1n con su actividad o servicio a partir del 11 de junio.<\/p>\n\n\n\n<p>Abund\u00f3 que, los ciudadanos que acuden por primera vez a tramitar la credencial de elector con fotograf\u00eda deben llevar consigo en original el acta de nacimiento, comprobante de domicilio y una Identificaci\u00f3n oficial con fotograf\u00eda.<\/p>\n\n\n\n<p>Coment\u00f3 que, la asistencia al M\u00f3dulo Fijo Distrital por parte de los ciudadanos se califica como regular, ya que desde esta semana es cuando se reanuda el servicio, pero se invita a todos los ciudadanos a que puntualmente acudan para hacer el tr\u00e1mite correspondiente.<\/p>\n","protected":false},"excerpt":{"rendered":"<p>Por Enedino Hern\u00e1ndez Alonso\/Zunoticia Huejutla, Hgo. &#8211; A partir de esta semana y una vez concluida la jornada electoral del primero de junio, se reanudan las actividades y los servicios en el M\u00f3dulo Fijo Distrital de Atenci\u00f3n Ciudadana del Instituto Nacional Electoral (INE) en Huejutla, en donde los ciudadanos puedan realizar el tr\u00e1mite correspondiente de&hellip; <a class=\"more-link\" href=\"https:\/\/www.zunoticia.com\/noticias-de-hidalgo\/2025\/06\/03\/reanuda-actividades-el-modulo-fijo-distrital-de-atencion-ciudadana-del-ine\/\">Seguir leyendo <span class=\"screen-reader-text\">Reanuda actividades el M\u00f3dulo Fijo Distrital de Atenci\u00f3n Ciudadana del INE<\/span><\/a><\/p>\n","protected":false},"author":20,"featured_media":595051,"comment_status":"open","ping_status":"open","sticky":false,"template":"","format":"standard","meta":{"rop_custom_images_group":[],"rop_custom_messages_group":[],"rop_publish_now":"initial","rop_publish_now_accounts":{"facebook_10159540855086992_322828327761733":""},"rop_publish_now_history":[],"rop_publish_now_status":"pending","footnotes":""},"categories":[181],"tags":[121],"class_list":["post-595050","post","type-post","status-publish","format-standard","has-post-thumbnail","hentry","category-huejutla","tag-huejutla","entry"],"_links":{"self":[{"href":"https:\/\/www.zunoticia.com\/noticias-de-hidalgo\/wp-json\/wp\/v2\/posts\/595050","targetHints":{"allow":["GET"]}}],"collection":[{"href":"https:\/\/www.zunoticia.com\/noticias-de-hidalgo\/wp-json\/wp\/v2\/posts"}],"about":[{"href":"https:\/\/www.zunoticia.com\/noticias-de-hidalgo\/wp-json\/wp\/v2\/types\/post"}],"author":[{"embeddable":true,"href":"https:\/\/www.zunoticia.com\/noticias-de-hidalgo\/wp-json\/wp\/v2\/users\/20"}],"replies":[{"embeddable":true,"href":"https:\/\/www.zunoticia.com\/noticias-de-hidalgo\/wp-json\/wp\/v2\/comments?post=595050"}],"version-history":[{"count":1,"href":"https:\/\/www.zunoticia.com\/noticias-de-hidalgo\/wp-json\/wp\/v2\/posts\/595050\/revisions"}],"predecessor-version":[{"id":595052,"href":"https:\/\/www.zunoticia.com\/noticias-de-hidalgo\/wp-json\/wp\/v2\/posts\/595050\/revisions\/595052"}],"wp:featuredmedia":[{"embeddable":true,"href":"https:\/\/www.zunoticia.com\/noticias-de-hidalgo\/wp-json\/wp\/v2\/media\/595051"}],"wp:attachment":[{"href":"https:\/\/www.zunoticia.com\/noticias-de-hidalgo\/wp-json\/wp\/v2\/media?parent=595050"}],"wp:term":[{"taxonomy":"category","embeddable":true,"href":"https:\/\/www.zunoticia.com\/noticias-de-hidalgo\/wp-json\/wp\/v2\/categories?post=595050"},{"taxonomy":"post_tag","embeddable":true,"href":"https:\/\/www.zunoticia.com\/noticias-de-hidalgo\/wp-json\/wp\/v2\/tags?post=595050"}],"curies":[{"name":"wp","href":"https:\/\/api.w.org\/{rel}","templated":true}]}}