{"id":595053,"date":"2025-06-03T17:58:16","date_gmt":"2025-06-03T23:58:16","guid":{"rendered":"https:\/\/www.zunoticia.com\/noticias-de-hidalgo\/?p=595053"},"modified":"2025-06-03T19:27:08","modified_gmt":"2025-06-04T01:27:08","slug":"bloquearon-carretera-por-los-apagones","status":"publish","type":"post","link":"https:\/\/www.zunoticia.com\/noticias-de-hidalgo\/2025\/06\/03\/bloquearon-carretera-por-los-apagones\/","title":{"rendered":"Bloquearon carretera por los apagones\u00a0"},"content":{"rendered":"<aside class=\"mashsb-container mashsb-main mashsb-stretched\"><div class=\"mashsb-box\"><div class=\"mashsb-count mash-large\" style=\"float:left\"><div class=\"counts mashsbcount\">0<\/div><span class=\"mashsb-sharetext\">SHARES<\/span><\/div><div class=\"mashsb-buttons\"><a class=\"mashicon-facebook mash-large mash-center mashsb-noshadow\" href=\"https:\/\/www.facebook.com\/sharer.php?u=https%3A%2F%2Fwww.zunoticia.com%2Fnoticias-de-hidalgo%2F2025%2F06%2F03%2Fbloquearon-carretera-por-los-apagones%2F\" target=\"_top\" rel=\"nofollow\"><span class=\"icon\"><\/span><span class=\"text\">Share<\/span><\/a><a class=\"mashicon-twitter mash-large mash-center mashsb-noshadow\" href=\"https:\/\/twitter.com\/intent\/tweet?text=&amp;url=https:\/\/www.zunoticia.com\/noticias-de-hidalgo\/2025\/06\/03\/bloquearon-carretera-por-los-apagones\/\" target=\"_top\" rel=\"nofollow\"><span class=\"icon\"><\/span><span class=\"text\">Tweet<\/span><\/a><div class=\"onoffswitch2 mash-large mashsb-noshadow\" style=\"display:none\"><\/div><\/div>\n            <\/div>\n                <div style=\"clear:both\"><\/div><div class=\"mashsb-toggle-container\"><\/div><\/aside>\n            <!-- Share buttons by mashshare.net - Version: 4.0.47-->\n<p><em>Por Roberto Meza \/Zunoticia<\/em><\/p>\n\n\n\n<p><strong>Jaltoc\u00e1n, Hgo<\/strong>. &#8211; Habitantes de este municipio bloquearon la v\u00eda federal Huejutla-Orizatl\u00e1n, ya que llevaban varios d\u00edas sin el servicio de electricidad, por lo que mediante esta protesta exigieron a la Comisi\u00f3n Federal de Electricidad (CFE) restablecer el servicio.<\/p>\n\n\n\n<p>Los habitantes expresan que, son constantes las fallas de este servicio por eso es que decidieron bloquear esa carretera, para que la paraestatal les resuelva esta situaci\u00f3n que vienen sufriendo desde hace varios d\u00edas en su pueblo.<\/p>\n\n\n\n<p>Al lugar se present\u00f3 personal de la CFE para tratar de restablecer ese servicio, sin embargo, no han logrado solucionar el problema por lo que se mantiene el bloqueo carretero que est\u00e1 afectando a cientos de habitantes de diversos municipios y Estados.<\/p>\n\n\n\n<p>Cabe mencionar que despu\u00e9s de las 7:00 p.m. los inconformes abrieron la carretera. <\/p>\n\n\n\n<figure class=\"wp-block-image size-full\"><img fetchpriority=\"high\" decoding=\"async\" width=\"917\" height=\"656\" src=\"https:\/\/www.zunoticia.com\/noticias-de-hidalgo\/wp-content\/uploads\/2025\/06\/WhatsApp-Image-2025-06-03-at-5.35.51-PM-1.jpeg\" alt=\"\" class=\"wp-image-595055\"\/><\/figure>\n","protected":false},"excerpt":{"rendered":"<p>Por Roberto Meza \/Zunoticia Jaltoc\u00e1n, Hgo. &#8211; Habitantes de este municipio bloquearon la v\u00eda federal Huejutla-Orizatl\u00e1n, ya que llevaban varios d\u00edas sin el servicio de electricidad, por lo que mediante esta protesta exigieron a la Comisi\u00f3n Federal de Electricidad (CFE) restablecer el servicio. Los habitantes expresan que, son constantes las fallas de este servicio por&hellip; <a class=\"more-link\" href=\"https:\/\/www.zunoticia.com\/noticias-de-hidalgo\/2025\/06\/03\/bloquearon-carretera-por-los-apagones\/\">Seguir leyendo <span class=\"screen-reader-text\">Bloquearon carretera por los apagones\u00a0<\/span><\/a><\/p>\n","protected":false},"author":20,"featured_media":595054,"comment_status":"open","ping_status":"open","sticky":false,"template":"","format":"standard","meta":{"rop_custom_images_group":[],"rop_custom_messages_group":[],"rop_publish_now":"initial","rop_publish_now_accounts":{"facebook_10159540855086992_322828327761733":""},"rop_publish_now_history":[],"rop_publish_now_status":"pending","footnotes":""},"categories":[178],"tags":[259],"class_list":["post-595053","post","type-post","status-publish","format-standard","has-post-thumbnail","hentry","category-policiaca","tag-policiaca","entry"],"_links":{"self":[{"href":"https:\/\/www.zunoticia.com\/noticias-de-hidalgo\/wp-json\/wp\/v2\/posts\/595053","targetHints":{"allow":["GET"]}}],"collection":[{"href":"https:\/\/www.zunoticia.com\/noticias-de-hidalgo\/wp-json\/wp\/v2\/posts"}],"about":[{"href":"https:\/\/www.zunoticia.com\/noticias-de-hidalgo\/wp-json\/wp\/v2\/types\/post"}],"author":[{"embeddable":true,"href":"https:\/\/www.zunoticia.com\/noticias-de-hidalgo\/wp-json\/wp\/v2\/users\/20"}],"replies":[{"embeddable":true,"href":"https:\/\/www.zunoticia.com\/noticias-de-hidalgo\/wp-json\/wp\/v2\/comments?post=595053"}],"version-history":[{"count":2,"href":"https:\/\/www.zunoticia.com\/noticias-de-hidalgo\/wp-json\/wp\/v2\/posts\/595053\/revisions"}],"predecessor-version":[{"id":595092,"href":"https:\/\/www.zunoticia.com\/noticias-de-hidalgo\/wp-json\/wp\/v2\/posts\/595053\/revisions\/595092"}],"wp:featuredmedia":[{"embeddable":true,"href":"https:\/\/www.zunoticia.com\/noticias-de-hidalgo\/wp-json\/wp\/v2\/media\/595054"}],"wp:attachment":[{"href":"https:\/\/www.zunoticia.com\/noticias-de-hidalgo\/wp-json\/wp\/v2\/media?parent=595053"}],"wp:term":[{"taxonomy":"category","embeddable":true,"href":"https:\/\/www.zunoticia.com\/noticias-de-hidalgo\/wp-json\/wp\/v2\/categories?post=595053"},{"taxonomy":"post_tag","embeddable":true,"href":"https:\/\/www.zunoticia.com\/noticias-de-hidalgo\/wp-json\/wp\/v2\/tags?post=595053"}],"curies":[{"name":"wp","href":"https:\/\/api.w.org\/{rel}","templated":true}]}}